{"id":146802,"date":"2026-01-06T19:30:43","date_gmt":"2026-01-06T22:30:43","guid":{"rendered":"https:\/\/eldiariodesanpedro.com.ar\/sitio\/el-director-de-alpine-reconoce-errores-y-exige-resultados-a-franco-colapinto-para-2026\/"},"modified":"2026-01-06T19:30:43","modified_gmt":"2026-01-06T22:30:43","slug":"el-director-de-alpine-reconoce-errores-y-exige-resultados-a-franco-colapinto-para-2026","status":"publish","type":"post","link":"https:\/\/eldiariodesanpedro.com.ar\/sitio\/el-director-de-alpine-reconoce-errores-y-exige-resultados-a-franco-colapinto-para-2026\/","title":{"rendered":"El Director de Alpine Reconoce Errores y Exige Resultados a Franco Colapinto para 2026"},"content":{"rendered":"<p><!-- VideographyWP Plugin Message: Automatic video embedding prevented by plugin options. --><\/p>\n<p>El director de <strong>Alpine<\/strong> admiti\u00f3 p\u00fablicamente las dificultades que enfrenta la escuder\u00eda y manifest\u00f3 la necesidad de implementar cambios significativos. En una reciente declaraci\u00f3n, subray\u00f3 que <strong>Franco Colapinto<\/strong> tendr\u00e1 la obligaci\u00f3n de alcanzar resultados destacados si desea asegurar su lugar en el equipo para la temporada 2026.<\/p>\n<p>La autocr\u00edtica del directivo llega en un momento clave para la escuder\u00eda, que busca mejorar su desempe\u00f1o en las pr\u00f3ximas competencias. Adem\u00e1s, dej\u00f3 en claro que la continuidad del piloto argentino estar\u00e1 supeditada a su rendimiento en pista, reafirmando la apuesta de Alpine por mantener elevados est\u00e1ndares deportivos.<\/p>\n","protected":false},"excerpt":{"rendered":"<p>El m\u00e1ximo responsable de Alpine reconoci\u00f3 fallas en la gesti\u00f3n y remarc\u00f3 que Colapinto deber\u00e1 demostrar un alto rendimiento en la pr\u00f3xima temporada.<\/p>\n","protected":false},"author":1,"featured_media":146801,"comment_status":"","ping_status":"","sticky":false,"template":"","format":"standard","meta":{"om_disable_all_campaigns":false,"_jetpack_memberships_contains_paid_content":false,"footnotes":""},"categories":[3],"tags":[],"class_list":["post-146802","post","type-post","status-publish","format-standard","has-post-thumbnail","hentry","category-nacionales"],"aioseo_notices":[],"gutentor_comment":0,"jetpack_featured_media_url":"https:\/\/eldiariodesanpedro.com.ar\/sitio\/wp-content\/uploads\/2026\/01\/el-jefe-de-alpine-le-impuso-una-clara-exigencia-a-franco-colapinto-para-2026-foto-francolapintoinstagram-N7YPTT7T5BEG3J4EEYDYAUK5EM.jpg","jetpack_shortlink":"https:\/\/wp.me\/p6RhLt-CbM","jetpack_sharing_enabled":true,"_links":{"self":[{"href":"https:\/\/eldiariodesanpedro.com.ar\/sitio\/wp-json\/wp\/v2\/posts\/146802","targetHints":{"allow":["GET"]}}],"collection":[{"href":"https:\/\/eldiariodesanpedro.com.ar\/sitio\/wp-json\/wp\/v2\/posts"}],"about":[{"href":"https:\/\/eldiariodesanpedro.com.ar\/sitio\/wp-json\/wp\/v2\/types\/post"}],"author":[{"embeddable":true,"href":"https:\/\/eldiariodesanpedro.com.ar\/sitio\/wp-json\/wp\/v2\/users\/1"}],"replies":[{"embeddable":true,"href":"https:\/\/eldiariodesanpedro.com.ar\/sitio\/wp-json\/wp\/v2\/comments?post=146802"}],"version-history":[{"count":0,"href":"https:\/\/eldiariodesanpedro.com.ar\/sitio\/wp-json\/wp\/v2\/posts\/146802\/revisions"}],"wp:featuredmedia":[{"embeddable":true,"href":"https:\/\/eldiariodesanpedro.com.ar\/sitio\/wp-json\/wp\/v2\/media\/146801"}],"wp:attachment":[{"href":"https:\/\/eldiariodesanpedro.com.ar\/sitio\/wp-json\/wp\/v2\/media?parent=146802"}],"wp:term":[{"taxonomy":"category","embeddable":true,"href":"https:\/\/eldiariodesanpedro.com.ar\/sitio\/wp-json\/wp\/v2\/categories?post=146802"},{"taxonomy":"post_tag","embeddable":true,"href":"https:\/\/eldiariodesanpedro.com.ar\/sitio\/wp-json\/wp\/v2\/tags?post=146802"}],"curies":[{"name":"wp","href":"https:\/\/api.w.org\/{rel}","templated":true}]}}