{"id":146800,"date":"2026-01-06T19:00:42","date_gmt":"2026-01-06T22:00:42","guid":{"rendered":"https:\/\/eldiariodesanpedro.com.ar\/sitio\/fatal-accidente-en-entre-rios-una-familia-perdio-la-vida-en-la-ruta\/"},"modified":"2026-01-06T19:00:42","modified_gmt":"2026-01-06T22:00:42","slug":"fatal-accidente-en-entre-rios-una-familia-perdio-la-vida-en-la-ruta","status":"publish","type":"post","link":"https:\/\/eldiariodesanpedro.com.ar\/sitio\/fatal-accidente-en-entre-rios-una-familia-perdio-la-vida-en-la-ruta\/","title":{"rendered":"Fatal Accidente en Entre R\u00edos: Una Familia Perdi\u00f3 la Vida en la Ruta"},"content":{"rendered":"<p><!-- VideographyWP Plugin Message: Automatic video embedding prevented by plugin options. --><\/p>\n<p>Un <strong>grave accidente vial<\/strong> en una ruta de Entre R\u00edos provoc\u00f3 el fallecimiento de una familia completa, generando consternaci\u00f3n entre los habitantes de la provincia. De acuerdo con las primeras informaciones, el hecho ocurri\u00f3 durante el fin de semana, cuando el veh\u00edculo en el que viajaban volc\u00f3 y termin\u00f3 completamente destruido.<\/p>\n<p>Las autoridades locales informaron que el siniestro se produjo en horas de la ma\u00f1ana, por motivos a\u00fan bajo investigaci\u00f3n. <strong>Todas las personas a bordo, pertenecientes al mismo grupo familiar, perdieron la vida en el acto<\/strong>. Personal policial y de bomberos trabaj\u00f3 en el lugar por varias horas para retirar los cuerpos y determinar la mec\u00e1nica de lo sucedido.<\/p>\n<p>El caso est\u00e1 siendo investigado por la Fiscal\u00eda, que analiza distintas hip\u00f3tesis para esclarecer las causas que originaron el tr\u00e1gico desenlace. El impacto de la noticia gener\u00f3 muestras de dolor y solidaridad tanto en la comunidad de Entre R\u00edos como en redes sociales.<\/p>\n","protected":false},"excerpt":{"rendered":"<p>Un tr\u00e1gico choque en una carretera de Entre R\u00edos dej\u00f3 como saldo la muerte de todos los miembros de una familia, conmocionando a la regi\u00f3n.<\/p>\n","protected":false},"author":1,"featured_media":146799,"comment_status":"","ping_status":"","sticky":false,"template":"","format":"standard","meta":{"om_disable_all_campaigns":false,"_jetpack_memberships_contains_paid_content":false,"footnotes":""},"categories":[3],"tags":[],"class_list":["post-146800","post","type-post","status-publish","format-standard","has-post-thumbnail","hentry","category-nacionales"],"aioseo_notices":[],"gutentor_comment":0,"jetpack_featured_media_url":"https:\/\/eldiariodesanpedro.com.ar\/sitio\/wp-content\/uploads\/2026\/01\/los-detalles-detras-del-tragico-accidente-en-el-que-murio-una-familia-en-una-ruta-de-entre-rios-foto-gentileza-diario-rio-negro-clarin-AEO6JUG2PFDERDRPXUOIRLR3YM.jpg","jetpack_shortlink":"https:\/\/wp.me\/p6RhLt-CbK","jetpack_sharing_enabled":true,"_links":{"self":[{"href":"https:\/\/eldiariodesanpedro.com.ar\/sitio\/wp-json\/wp\/v2\/posts\/146800","targetHints":{"allow":["GET"]}}],"collection":[{"href":"https:\/\/eldiariodesanpedro.com.ar\/sitio\/wp-json\/wp\/v2\/posts"}],"about":[{"href":"https:\/\/eldiariodesanpedro.com.ar\/sitio\/wp-json\/wp\/v2\/types\/post"}],"author":[{"embeddable":true,"href":"https:\/\/eldiariodesanpedro.com.ar\/sitio\/wp-json\/wp\/v2\/users\/1"}],"replies":[{"embeddable":true,"href":"https:\/\/eldiariodesanpedro.com.ar\/sitio\/wp-json\/wp\/v2\/comments?post=146800"}],"version-history":[{"count":0,"href":"https:\/\/eldiariodesanpedro.com.ar\/sitio\/wp-json\/wp\/v2\/posts\/146800\/revisions"}],"wp:featuredmedia":[{"embeddable":true,"href":"https:\/\/eldiariodesanpedro.com.ar\/sitio\/wp-json\/wp\/v2\/media\/146799"}],"wp:attachment":[{"href":"https:\/\/eldiariodesanpedro.com.ar\/sitio\/wp-json\/wp\/v2\/media?parent=146800"}],"wp:term":[{"taxonomy":"category","embeddable":true,"href":"https:\/\/eldiariodesanpedro.com.ar\/sitio\/wp-json\/wp\/v2\/categories?post=146800"},{"taxonomy":"post_tag","embeddable":true,"href":"https:\/\/eldiariodesanpedro.com.ar\/sitio\/wp-json\/wp\/v2\/tags?post=146800"}],"curies":[{"name":"wp","href":"https:\/\/api.w.org\/{rel}","templated":true}]}}