{"id":14680,"date":"2017-02-14T20:13:18","date_gmt":"2017-02-14T23:13:18","guid":{"rendered":"https:\/\/eldiariodesanpedro.com.ar\/sitio\/?p=14680"},"modified":"2017-02-14T20:13:18","modified_gmt":"2017-02-14T23:13:18","slug":"violento-arrebato-en-arrecifes","status":"publish","type":"post","link":"https:\/\/eldiariodesanpedro.com.ar\/sitio\/violento-arrebato-en-arrecifes\/","title":{"rendered":"Violento arrebato en Arrecifes"},"content":{"rendered":"<p><!-- VideographyWP Plugin Message: Automatic video embedding prevented by plugin options. --><br \/>\nEn la puerta de la casa de su madre, en Santiago H. P\u00e9rez entre Lavalle y Arenales, Mar\u00eda Cristina C\u00e1ceres sufri\u00f3 un violento arrebato de su cartera. El hecho ocurri\u00f3 este s\u00e1bado, cuando la mujer fue sorprendida por un sujeto que pasaba caminando (fue descrito como flaco, alto y morocho) y se puso a forcejear con la v\u00edctima para robarle la cartera. Ella no la quer\u00eda soltar y el delincuente la arrastr\u00f3 por el suelo hasta que logr\u00f3 su cometido, quedando Cristina con varios golpes en su cuerpo.<\/p>\n<p>En su cartera ten\u00eda un tel\u00e9fono celular, dinero en efectivo, tarjetas de cr\u00e9dito, documentaci\u00f3n, anteojos, etc\u00e9tera. Se ruega que si alguien encuentra la documentaci\u00f3n a su nombre, la contacte por Facebook para que pueda recuperarla. (http:\/\/arrecifesnoticias.com\/)<\/p>\n","protected":false},"excerpt":{"rendered":"<p>En la puerta de la casa de su madre, en Santiago H. P\u00e9rez entre Lavalle y Arenales, Mar\u00eda Cristina C\u00e1ceres sufri\u00f3 un violento arrebato de su cartera. El hecho ocurri\u00f3 este s\u00e1bado, cuando la mujer fue sorprendida por un sujeto que pasaba caminando (fue descrito como flaco, alto y morocho) y se puso a forcejear [&hellip;]<\/p>\n","protected":false},"author":4,"featured_media":14681,"comment_status":"open","ping_status":"closed","sticky":false,"template":"","format":"standard","meta":{"om_disable_all_campaigns":false,"_jetpack_memberships_contains_paid_content":false,"footnotes":""},"categories":[621],"tags":[],"class_list":["post-14680","post","type-post","status-publish","format-standard","has-post-thumbnail","hentry","category-regionales"],"aioseo_notices":[],"gutentor_comment":0,"jetpack_featured_media_url":"https:\/\/eldiariodesanpedro.com.ar\/sitio\/wp-content\/uploads\/2017\/02\/arrebato.jpg","jetpack_shortlink":"https:\/\/wp.me\/p6RhLt-3OM","jetpack_sharing_enabled":true,"_links":{"self":[{"href":"https:\/\/eldiariodesanpedro.com.ar\/sitio\/wp-json\/wp\/v2\/posts\/14680","targetHints":{"allow":["GET"]}}],"collection":[{"href":"https:\/\/eldiariodesanpedro.com.ar\/sitio\/wp-json\/wp\/v2\/posts"}],"about":[{"href":"https:\/\/eldiariodesanpedro.com.ar\/sitio\/wp-json\/wp\/v2\/types\/post"}],"author":[{"embeddable":true,"href":"https:\/\/eldiariodesanpedro.com.ar\/sitio\/wp-json\/wp\/v2\/users\/4"}],"replies":[{"embeddable":true,"href":"https:\/\/eldiariodesanpedro.com.ar\/sitio\/wp-json\/wp\/v2\/comments?post=14680"}],"version-history":[{"count":1,"href":"https:\/\/eldiariodesanpedro.com.ar\/sitio\/wp-json\/wp\/v2\/posts\/14680\/revisions"}],"predecessor-version":[{"id":14682,"href":"https:\/\/eldiariodesanpedro.com.ar\/sitio\/wp-json\/wp\/v2\/posts\/14680\/revisions\/14682"}],"wp:featuredmedia":[{"embeddable":true,"href":"https:\/\/eldiariodesanpedro.com.ar\/sitio\/wp-json\/wp\/v2\/media\/14681"}],"wp:attachment":[{"href":"https:\/\/eldiariodesanpedro.com.ar\/sitio\/wp-json\/wp\/v2\/media?parent=14680"}],"wp:term":[{"taxonomy":"category","embeddable":true,"href":"https:\/\/eldiariodesanpedro.com.ar\/sitio\/wp-json\/wp\/v2\/categories?post=14680"},{"taxonomy":"post_tag","embeddable":true,"href":"https:\/\/eldiariodesanpedro.com.ar\/sitio\/wp-json\/wp\/v2\/tags?post=14680"}],"curies":[{"name":"wp","href":"https:\/\/api.w.org\/{rel}","templated":true}]}}