{"id":146798,"date":"2026-01-06T18:30:43","date_gmt":"2026-01-06T21:30:43","guid":{"rendered":"https:\/\/eldiariodesanpedro.com.ar\/sitio\/cristina-kirchner-se-refirio-a-su-reciente-internacion-y-menciono-las-dificultades\/"},"modified":"2026-01-06T18:30:43","modified_gmt":"2026-01-06T21:30:43","slug":"cristina-kirchner-se-refirio-a-su-reciente-internacion-y-menciono-las-dificultades","status":"publish","type":"post","link":"https:\/\/eldiariodesanpedro.com.ar\/sitio\/cristina-kirchner-se-refirio-a-su-reciente-internacion-y-menciono-las-dificultades\/","title":{"rendered":"Cristina Kirchner se refiri\u00f3 a su reciente internaci\u00f3n y mencion\u00f3 las dificultades"},"content":{"rendered":"<p><!-- VideographyWP Plugin Message: Automatic video embedding prevented by plugin options. --><\/p>\n<p><strong>Cristina Fern\u00e1ndez de Kirchner<\/strong> brind\u00f3 declaraciones sobre la experiencia m\u00e9dica que vivi\u00f3 recientemente, tras recibir el alta en su domicilio en San Jos\u00e9.<\/p>\n<p>La exmandataria argentina describi\u00f3 el tratamiento como un proceso extenso y con obst\u00e1culos, poniendo en relieve las complicaciones que debi\u00f3 enfrentar durante su recuperaci\u00f3n.<\/p>\n<p>La intervenci\u00f3n m\u00e9dica hab\u00eda generado preocupaci\u00f3n en el \u00e1mbito pol\u00edtico y social, pero Kirchner aprovech\u00f3 la oportunidad para transmitir tranquilidad y agradecer el apoyo recibido en los \u00faltimos d\u00edas.<\/p>\n","protected":false},"excerpt":{"rendered":"<p>La expresidenta habl\u00f3 p\u00fablicamente sobre el proceso m\u00e9dico que atraves\u00f3 tras su internaci\u00f3n y destac\u00f3 la complejidad de su recuperaci\u00f3n.<\/p>\n","protected":false},"author":1,"featured_media":146797,"comment_status":"","ping_status":"","sticky":false,"template":"","format":"standard","meta":{"om_disable_all_campaigns":false,"_jetpack_memberships_contains_paid_content":false,"footnotes":""},"categories":[3],"tags":[],"class_list":["post-146798","post","type-post","status-publish","format-standard","has-post-thumbnail","hentry","category-nacionales"],"aioseo_notices":[],"gutentor_comment":0,"jetpack_featured_media_url":"https:\/\/eldiariodesanpedro.com.ar\/sitio\/wp-content\/uploads\/2026\/01\/cristina-kirchner-hablo-de-su-intervencion-medica-tras-haber-regresado-a-su-casa-en-san-jose-1111-foto-efejulieta-barrera-FRFSE472L5C3XJECJNTO2HVUDI.jpg","jetpack_shortlink":"https:\/\/wp.me\/p6RhLt-CbI","jetpack_sharing_enabled":true,"_links":{"self":[{"href":"https:\/\/eldiariodesanpedro.com.ar\/sitio\/wp-json\/wp\/v2\/posts\/146798","targetHints":{"allow":["GET"]}}],"collection":[{"href":"https:\/\/eldiariodesanpedro.com.ar\/sitio\/wp-json\/wp\/v2\/posts"}],"about":[{"href":"https:\/\/eldiariodesanpedro.com.ar\/sitio\/wp-json\/wp\/v2\/types\/post"}],"author":[{"embeddable":true,"href":"https:\/\/eldiariodesanpedro.com.ar\/sitio\/wp-json\/wp\/v2\/users\/1"}],"replies":[{"embeddable":true,"href":"https:\/\/eldiariodesanpedro.com.ar\/sitio\/wp-json\/wp\/v2\/comments?post=146798"}],"version-history":[{"count":0,"href":"https:\/\/eldiariodesanpedro.com.ar\/sitio\/wp-json\/wp\/v2\/posts\/146798\/revisions"}],"wp:featuredmedia":[{"embeddable":true,"href":"https:\/\/eldiariodesanpedro.com.ar\/sitio\/wp-json\/wp\/v2\/media\/146797"}],"wp:attachment":[{"href":"https:\/\/eldiariodesanpedro.com.ar\/sitio\/wp-json\/wp\/v2\/media?parent=146798"}],"wp:term":[{"taxonomy":"category","embeddable":true,"href":"https:\/\/eldiariodesanpedro.com.ar\/sitio\/wp-json\/wp\/v2\/categories?post=146798"},{"taxonomy":"post_tag","embeddable":true,"href":"https:\/\/eldiariodesanpedro.com.ar\/sitio\/wp-json\/wp\/v2\/tags?post=146798"}],"curies":[{"name":"wp","href":"https:\/\/api.w.org\/{rel}","templated":true}]}}