{"id":146796,"date":"2026-01-06T18:00:13","date_gmt":"2026-01-06T21:00:13","guid":{"rendered":"https:\/\/eldiariodesanpedro.com.ar\/sitio\/anses-anuncia-el-cronograma-de-pagos-para-enero-de-2026\/"},"modified":"2026-01-06T18:00:13","modified_gmt":"2026-01-06T21:00:13","slug":"anses-anuncia-el-cronograma-de-pagos-para-enero-de-2026","status":"publish","type":"post","link":"https:\/\/eldiariodesanpedro.com.ar\/sitio\/anses-anuncia-el-cronograma-de-pagos-para-enero-de-2026\/","title":{"rendered":"ANSeS Anuncia el Cronograma de Pagos para Enero de 2026"},"content":{"rendered":"<p><!-- VideographyWP Plugin Message: Automatic video embedding prevented by plugin options. --><\/p>\n<p><strong>La Administraci\u00f3n Nacional de la Seguridad Social (ANSeS)<\/strong> comunic\u00f3 el nuevo cronograma de pagos correspondiente a <strong>enero de 2026<\/strong>, organizado seg\u00fan la terminaci\u00f3n del DNI de los beneficiarios.<\/p>\n<p>Durante el primer mes del a\u00f1o, quienes perciban <strong>jubilaciones, pensiones y asignaciones<\/strong> ver\u00e1n reflejado un <strong>aumento del 2,47%<\/strong> en sus haberes. Esta actualizaci\u00f3n responde a la f\u00f3rmula de movilidad que ajusta los montos de acuerdo con la variaci\u00f3n de la inflaci\u00f3n.<\/p>\n<p>Por otra parte, <strong>jubilados y pensionados que cobren el haber m\u00ednimo<\/strong> continuar\u00e1n recibiendo en enero un <strong>bono extraordinario de $70.000<\/strong>, tal como se implement\u00f3 en meses anteriores.<\/p>\n","protected":false},"excerpt":{"rendered":"<p>La ANSeS informa las fechas de pago y novedades para jubilados y beneficiarios en enero de 2026.<\/p>\n","protected":false},"author":1,"featured_media":146795,"comment_status":"","ping_status":"","sticky":false,"template":"","format":"standard","meta":{"om_disable_all_campaigns":false,"_jetpack_memberships_contains_paid_content":false,"footnotes":""},"categories":[3],"tags":[],"class_list":["post-146796","post","type-post","status-publish","format-standard","has-post-thumbnail","hentry","category-nacionales"],"aioseo_notices":[],"gutentor_comment":0,"jetpack_featured_media_url":"https:\/\/eldiariodesanpedro.com.ar\/sitio\/wp-content\/uploads\/2026\/01\/gKGE4jcdq_2000x1500__1.jpg","jetpack_shortlink":"https:\/\/wp.me\/p6RhLt-CbG","jetpack_sharing_enabled":true,"_links":{"self":[{"href":"https:\/\/eldiariodesanpedro.com.ar\/sitio\/wp-json\/wp\/v2\/posts\/146796","targetHints":{"allow":["GET"]}}],"collection":[{"href":"https:\/\/eldiariodesanpedro.com.ar\/sitio\/wp-json\/wp\/v2\/posts"}],"about":[{"href":"https:\/\/eldiariodesanpedro.com.ar\/sitio\/wp-json\/wp\/v2\/types\/post"}],"author":[{"embeddable":true,"href":"https:\/\/eldiariodesanpedro.com.ar\/sitio\/wp-json\/wp\/v2\/users\/1"}],"replies":[{"embeddable":true,"href":"https:\/\/eldiariodesanpedro.com.ar\/sitio\/wp-json\/wp\/v2\/comments?post=146796"}],"version-history":[{"count":0,"href":"https:\/\/eldiariodesanpedro.com.ar\/sitio\/wp-json\/wp\/v2\/posts\/146796\/revisions"}],"wp:featuredmedia":[{"embeddable":true,"href":"https:\/\/eldiariodesanpedro.com.ar\/sitio\/wp-json\/wp\/v2\/media\/146795"}],"wp:attachment":[{"href":"https:\/\/eldiariodesanpedro.com.ar\/sitio\/wp-json\/wp\/v2\/media?parent=146796"}],"wp:term":[{"taxonomy":"category","embeddable":true,"href":"https:\/\/eldiariodesanpedro.com.ar\/sitio\/wp-json\/wp\/v2\/categories?post=146796"},{"taxonomy":"post_tag","embeddable":true,"href":"https:\/\/eldiariodesanpedro.com.ar\/sitio\/wp-json\/wp\/v2\/tags?post=146796"}],"curies":[{"name":"wp","href":"https:\/\/api.w.org\/{rel}","templated":true}]}}