{"id":146794,"date":"2026-01-06T17:30:25","date_gmt":"2026-01-06T20:30:25","guid":{"rendered":"https:\/\/eldiariodesanpedro.com.ar\/sitio\/separacion-de-pamela-pombo-y-patricio-albacete-escandalo-y-final-judicial-para-una-pareja-mediatica\/"},"modified":"2026-01-06T17:30:25","modified_gmt":"2026-01-06T20:30:25","slug":"separacion-de-pamela-pombo-y-patricio-albacete-escandalo-y-final-judicial-para-una-pareja-mediatica","status":"publish","type":"post","link":"https:\/\/eldiariodesanpedro.com.ar\/sitio\/separacion-de-pamela-pombo-y-patricio-albacete-escandalo-y-final-judicial-para-una-pareja-mediatica\/","title":{"rendered":"Separaci\u00f3n de Pamela Pombo y Patricio Albacete: Esc\u00e1ndalo y Final Judicial para una Pareja Medi\u00e1tica"},"content":{"rendered":"<p><!-- VideographyWP Plugin Message: Automatic video embedding prevented by plugin options. --><\/p>\n<p><strong>El mundo del espect\u00e1culo y el deporte argentino<\/strong> inici\u00f3 el 2026 con la sorpresa de la separaci\u00f3n entre <strong>Pamela Pombo<\/strong> y <strong>Patricio Albacete<\/strong>. La pareja, que hab\u00eda llamado la atenci\u00f3n por la intensidad de su relaci\u00f3n y una <strong>boda de alto impacto celebrada en junio de 2024<\/strong>, decidi\u00f3 terminar su v\u00ednculo en medio de denuncias de gravedad que ya derivaron en acciones legales.<\/p>\n<p>El romance entre la fisiculturista y vedette y el exjugador de Los Pumas se hab\u00eda gestado tras varios a\u00f1os de coincidir en un gimnasio, compartiendo tanto rutinas deportivas como charlas cotidianas. Antes de que sus caminos se unieran sentimentalmente, ambos ya contaban con una reputaci\u00f3n p\u00fablica consolidada. <strong>Pamela Pombo, hoy de 43 a\u00f1os<\/strong>, salt\u00f3 a la fama en 2011 como parte del d\u00fao medi\u00e1tico Las Hermanas Pombo, y luego desarroll\u00f3 su carrera en el espect\u00e1culo, la moda y el fisicoculturismo profesional.<\/p>\n<p>Su historia incluy\u00f3 \u00e9xitos en campeonatos nacionales e internacionales, una participaci\u00f3n destacada en el <strong>Mr. Olympia de Las Vegas<\/strong> y el desarrollo de su propia plataforma fitness. Pombo, adem\u00e1s, increment\u00f3 su notoriedad como generadora de contenidos exclusivos para adultos. En paralelo, mantuvo relaciones con figuras del deporte y el espect\u00e1culo antes de conocer a Albacete.<\/p>\n<p>Por su parte, <strong>Patricio Albacete<\/strong> fue protagonista central de una generaci\u00f3n hist\u00f3rica en el rugby argentino. De origen en el club Manuel Belgrano, debut\u00f3 profesionalmente en 1999, emigr\u00f3 a Francia en 2003 y, tras brillar en equipos europeos como Toulouse \u2014con quien gan\u00f3 varios t\u00edtulos\u2014, concluy\u00f3 su carrera en 2018. Fue mundialista con Los Pumas y parte del recordado plantel que consigui\u00f3 el tercer puesto en 2007.<\/p>\n<p>El flechazo fue inmediato y, <strong>tras solo dos meses de noviazgo, la pareja contrajo matrimonio civil el 28 de diciembre de 2023<\/strong>. Siete meses despu\u00e9s celebraron con una fastuosa fiesta en Pilar para 250 invitados, en la que no faltaron shows en vivo y detalles extravagantes. A pesar de la expectativa p\u00fablica y el despliegue medi\u00e1tico, el v\u00ednculo no lleg\u00f3 a consolidarse y el final sobrevino r\u00e1pidamente.<\/p>\n<p>La noticia de la ruptura fue confirmada p\u00fablicamente por Pombo en televisi\u00f3n, se\u00f1alando que los motivos eran <strong>graves y reservados a la justicia<\/strong>. Poco despu\u00e9s, ambos borraron de sus redes todo rastro de su relaci\u00f3n, profundizando el misterio y el hermetismo sobre lo ocurrido. Las acusaciones cruzadas y la intervenci\u00f3n legal marcaron el cierre de una de las historias m\u00e1s resonantes del a\u00f1o en el ambiente local.<\/p>\n<p>Este desenlace evidencia que, detr\u00e1s de los grandes eventos medi\u00e1ticos y el brillo del espect\u00e1culo, las relaciones personales tambi\u00e9n pueden atravesar crisis profundas con repercusiones en la esfera p\u00fablica y judicial.<\/p>\n","protected":false},"excerpt":{"rendered":"<p>Pamela Pombo y Patricio Albacete pusieron fin a su breve y medi\u00e1tico matrimonio en medio de graves acusaciones que llegaron a la justicia.<\/p>\n","protected":false},"author":1,"featured_media":146793,"comment_status":"","ping_status":"","sticky":false,"template":"","format":"standard","meta":{"om_disable_all_campaigns":false,"_jetpack_memberships_contains_paid_content":false,"footnotes":""},"categories":[3],"tags":[],"class_list":["post-146794","post","type-post","status-publish","format-standard","has-post-thumbnail","hentry","category-nacionales"],"aioseo_notices":[],"gutentor_comment":0,"jetpack_featured_media_url":"https:\/\/eldiariodesanpedro.com.ar\/sitio\/wp-content\/uploads\/2026\/01\/X4CQCAZ3FRDY7LGCCNVAMQW2JM.jpg","jetpack_shortlink":"https:\/\/wp.me\/p6RhLt-CbE","jetpack_sharing_enabled":true,"_links":{"self":[{"href":"https:\/\/eldiariodesanpedro.com.ar\/sitio\/wp-json\/wp\/v2\/posts\/146794","targetHints":{"allow":["GET"]}}],"collection":[{"href":"https:\/\/eldiariodesanpedro.com.ar\/sitio\/wp-json\/wp\/v2\/posts"}],"about":[{"href":"https:\/\/eldiariodesanpedro.com.ar\/sitio\/wp-json\/wp\/v2\/types\/post"}],"author":[{"embeddable":true,"href":"https:\/\/eldiariodesanpedro.com.ar\/sitio\/wp-json\/wp\/v2\/users\/1"}],"replies":[{"embeddable":true,"href":"https:\/\/eldiariodesanpedro.com.ar\/sitio\/wp-json\/wp\/v2\/comments?post=146794"}],"version-history":[{"count":0,"href":"https:\/\/eldiariodesanpedro.com.ar\/sitio\/wp-json\/wp\/v2\/posts\/146794\/revisions"}],"wp:featuredmedia":[{"embeddable":true,"href":"https:\/\/eldiariodesanpedro.com.ar\/sitio\/wp-json\/wp\/v2\/media\/146793"}],"wp:attachment":[{"href":"https:\/\/eldiariodesanpedro.com.ar\/sitio\/wp-json\/wp\/v2\/media?parent=146794"}],"wp:term":[{"taxonomy":"category","embeddable":true,"href":"https:\/\/eldiariodesanpedro.com.ar\/sitio\/wp-json\/wp\/v2\/categories?post=146794"},{"taxonomy":"post_tag","embeddable":true,"href":"https:\/\/eldiariodesanpedro.com.ar\/sitio\/wp-json\/wp\/v2\/tags?post=146794"}],"curies":[{"name":"wp","href":"https:\/\/api.w.org\/{rel}","templated":true}]}}