{"id":146790,"date":"2026-01-06T17:11:07","date_gmt":"2026-01-06T20:11:07","guid":{"rendered":"https:\/\/eldiariodesanpedro.com.ar\/sitio\/baradero-el-hospital-municipal-confirmo-que-no-hay-casos-activos-de-hantavirus-en-la-ciudad\/"},"modified":"2026-01-06T17:11:07","modified_gmt":"2026-01-06T20:11:07","slug":"baradero-el-hospital-municipal-confirmo-que-no-hay-casos-activos-de-hantavirus-en-la-ciudad","status":"publish","type":"post","link":"https:\/\/eldiariodesanpedro.com.ar\/sitio\/baradero-el-hospital-municipal-confirmo-que-no-hay-casos-activos-de-hantavirus-en-la-ciudad\/","title":{"rendered":"BARADERO | El Hospital Municipal confirm\u00f3 que no hay casos activos de hantavirus en la ciudad"},"content":{"rendered":"<p><!-- VideographyWP Plugin Message: Automatic video embedding prevented by plugin options. --><\/p>\n<p><strong>En BARADERO<\/strong>, el Dr. Carlos Baliela, director m\u00e9dico del Hospital Municipal, llev\u00f3 tranquilidad a la poblaci\u00f3n al confirmar que actualmente no existen casos activos de <strong>hantavirus<\/strong> registrados en la ciudad, en el contexto de preocupaci\u00f3n por los nuevos casos en la provincia de Buenos Aires.<\/p>\n<p>Durante una entrevista radial, Baliela inform\u00f3 que hace aproximadamente un mes se detect\u00f3 un caso positivo en el distrito, pero la persona afectada evolucion\u00f3 favorablemente y recibi\u00f3 el alta m\u00e9dica. Subray\u00f3 que en la actualidad <strong>no hay pacientes en tratamiento<\/strong> ni nuevos contagios en seguimiento en BARADERO.<\/p>\n<p>El profesional destac\u00f3 la importancia de la vigilancia permanente por parte del sistema de salud local, el cual opera siguiendo estrictos protocolos establecidos por el Ministerio de Salud bonaerense. Esta actitud preventiva cobra especial relevancia tras la reciente noticia del fallecimiento de un adolescente en la provincia por esta enfermedad.<\/p>\n<p>Baliela explic\u00f3 que el hantavirus es transmitido por <strong>ciertas especies de roedores<\/strong>, principalmente a trav\u00e9s de la inhalaci\u00f3n de part\u00edculas provenientes de la orina y materia fecal de estos animales. Actualmente, seg\u00fan el director m\u00e9dico, <strong>no existe evidencia cient\u00edfica<\/strong> que confirme la transmisi\u00f3n de persona a persona.<\/p>\n<p>En cuanto a los s\u00edntomas, el especialista indic\u00f3 que el cuadro cl\u00ednico suele iniciar de manera similar a una gripe, con <strong>fiebre, malestar general y dolores musculares<\/strong>. Sin embargo, advirti\u00f3 que la enfermedad puede agravarse y comprometer los pulmones, por lo que recomend\u00f3 acudir de inmediato al m\u00e9dico ante la aparici\u00f3n de signos compatibles.<\/p>\n<p>Para finalizar, Baliela remarc\u00f3 la importancia de <strong>mantener ambientes limpios y ventilados<\/strong>, evitar el contacto con excrementos de roedores y extremar los cuidados en galpones o dep\u00f3sitos, especialmente en zonas rurales, como principales acciones preventivas frente al hantavirus.<\/p>\n","protected":false},"excerpt":{"rendered":"<p>El director m\u00e9dico del Hospital Municipal de BARADERO asegur\u00f3 que no se registran casos actuales de hantavirus y recomienda mantener las medidas preventivas.<\/p>\n","protected":false},"author":4,"featured_media":146789,"comment_status":"","ping_status":"","sticky":false,"template":"","format":"standard","meta":{"om_disable_all_campaigns":false,"_jetpack_memberships_contains_paid_content":false,"footnotes":""},"categories":[621],"tags":[],"class_list":["post-146790","post","type-post","status-publish","format-standard","has-post-thumbnail","hentry","category-regionales"],"aioseo_notices":[],"gutentor_comment":0,"jetpack_featured_media_url":"https:\/\/eldiariodesanpedro.com.ar\/sitio\/wp-content\/uploads\/2026\/01\/hantavirus.jpg","jetpack_shortlink":"https:\/\/wp.me\/p6RhLt-CbA","jetpack_sharing_enabled":true,"_links":{"self":[{"href":"https:\/\/eldiariodesanpedro.com.ar\/sitio\/wp-json\/wp\/v2\/posts\/146790","targetHints":{"allow":["GET"]}}],"collection":[{"href":"https:\/\/eldiariodesanpedro.com.ar\/sitio\/wp-json\/wp\/v2\/posts"}],"about":[{"href":"https:\/\/eldiariodesanpedro.com.ar\/sitio\/wp-json\/wp\/v2\/types\/post"}],"author":[{"embeddable":true,"href":"https:\/\/eldiariodesanpedro.com.ar\/sitio\/wp-json\/wp\/v2\/users\/4"}],"replies":[{"embeddable":true,"href":"https:\/\/eldiariodesanpedro.com.ar\/sitio\/wp-json\/wp\/v2\/comments?post=146790"}],"version-history":[{"count":0,"href":"https:\/\/eldiariodesanpedro.com.ar\/sitio\/wp-json\/wp\/v2\/posts\/146790\/revisions"}],"wp:featuredmedia":[{"embeddable":true,"href":"https:\/\/eldiariodesanpedro.com.ar\/sitio\/wp-json\/wp\/v2\/media\/146789"}],"wp:attachment":[{"href":"https:\/\/eldiariodesanpedro.com.ar\/sitio\/wp-json\/wp\/v2\/media?parent=146790"}],"wp:term":[{"taxonomy":"category","embeddable":true,"href":"https:\/\/eldiariodesanpedro.com.ar\/sitio\/wp-json\/wp\/v2\/categories?post=146790"},{"taxonomy":"post_tag","embeddable":true,"href":"https:\/\/eldiariodesanpedro.com.ar\/sitio\/wp-json\/wp\/v2\/tags?post=146790"}],"curies":[{"name":"wp","href":"https:\/\/api.w.org\/{rel}","templated":true}]}}