{"id":146778,"date":"2026-01-06T15:31:22","date_gmt":"2026-01-06T18:31:22","guid":{"rendered":"https:\/\/eldiariodesanpedro.com.ar\/sitio\/?p=146778"},"modified":"2026-01-06T15:31:27","modified_gmt":"2026-01-06T18:31:27","slug":"que-paso-con-el-hombre-que-se-habria-arrojado-al-agua","status":"publish","type":"post","link":"https:\/\/eldiariodesanpedro.com.ar\/sitio\/que-paso-con-el-hombre-que-se-habria-arrojado-al-agua\/","title":{"rendered":"\u00bfQu\u00e9 pas\u00f3 con el hombre que se habr\u00eda arrojado al agua?"},"content":{"rendered":"<!-- VideographyWP Plugin Message: Automatic video embedding prevented by plugin options. -->\n\n<p>A m\u00e1s de dos d\u00edas del alerta al 911 por un presunto salto al r\u00edo, no hay denuncias formales ni novedades sobre la supuesta desaparici\u00f3n.<\/p>\n\n\n\n<p>En la <strong>noche del domingo<\/strong>, el <strong>servicio de emergencias 911<\/strong> recibi\u00f3 un llamado de una persona que asegur\u00f3 haber visto a <strong>un hombre arrojarse al agua<\/strong> en un sector del <strong>Paseo P\u00fablico 2<\/strong>. Ante esa advertencia, <strong>personal de la Prefectura Naval Argentina<\/strong> activ\u00f3 de inmediato <strong>un operativo de rastrillaje<\/strong> en la zona para intentar dar con el paradero del presunto involucrado.<\/p>\n\n\n\n<p>Sin embargo, <strong>con el paso de los d\u00edas no se registraron novedades<\/strong> en la causa. <strong>Fuentes policiales locales<\/strong> indicaron que <strong>nadie se present\u00f3 a denunciar la desaparici\u00f3n<\/strong> de un hombre desde el domingo hasta hoy. Tampoco se recibi\u00f3 informaci\u00f3n de <strong>familiares o allegados<\/strong> que aportaran datos que permitan identificar a la supuesta persona que habr\u00eda ingresado al agua.<\/p>\n\n\n\n<p>Desde <strong>Prefectura<\/strong> explicaron que, <strong>por protocolo<\/strong>, se realizaron <strong>las actuaciones correspondientes<\/strong> pese a lo <strong>confuso del episodio<\/strong>. La b\u00fasqueda se inici\u00f3 <strong>exclusivamente a partir del llamado de un desconocido al 911<\/strong>, quien report\u00f3 el hecho en <strong>un sector con escasa iluminaci\u00f3n<\/strong>, <strong>poco tr\u00e1nsito de personas<\/strong> y <strong>en un horario nocturno<\/strong>, lo que <strong>dificulta la confirmaci\u00f3n<\/strong> de lo observado.<\/p>\n\n\n\n<p>Ante la <strong>falta de precisiones<\/strong> y <strong>la ausencia total de denuncias<\/strong>, <strong>no se descarta que se haya tratado de una falsa alarma<\/strong>. Aun as\u00ed, las fuerzas actuaron preventivamente y <strong>hasta el momento no surgi\u00f3 informaci\u00f3n adicional<\/strong> que permita avanzar en la investigaci\u00f3n.<\/p>\n","protected":false},"excerpt":{"rendered":"<p>A m\u00e1s de dos d\u00edas del alerta al 911 por un presunto salto al r\u00edo, no hay denuncias formales ni novedades sobre la supuesta desaparici\u00f3n. En la noche del domingo, el servicio de emergencias 911 recibi\u00f3 un llamado de una persona que asegur\u00f3 haber visto a un hombre arrojarse al agua en un sector del [&hellip;]<\/p>\n","protected":false},"author":4,"featured_media":146779,"comment_status":"closed","ping_status":"closed","sticky":false,"template":"","format":"standard","meta":{"om_disable_all_campaigns":false,"_jetpack_memberships_contains_paid_content":false,"footnotes":""},"categories":[50,2,103],"tags":[],"class_list":["post-146778","post","type-post","status-publish","format-standard","has-post-thumbnail","hentry","category-destacadas","category-locales","category-policiales-locales"],"aioseo_notices":[],"gutentor_comment":0,"jetpack_featured_media_url":"https:\/\/eldiariodesanpedro.com.ar\/sitio\/wp-content\/uploads\/2026\/01\/WhatsApp-Image-2026-01-06-at-15.20.11.jpeg","jetpack_shortlink":"https:\/\/wp.me\/p6RhLt-Cbo","jetpack_sharing_enabled":true,"_links":{"self":[{"href":"https:\/\/eldiariodesanpedro.com.ar\/sitio\/wp-json\/wp\/v2\/posts\/146778","targetHints":{"allow":["GET"]}}],"collection":[{"href":"https:\/\/eldiariodesanpedro.com.ar\/sitio\/wp-json\/wp\/v2\/posts"}],"about":[{"href":"https:\/\/eldiariodesanpedro.com.ar\/sitio\/wp-json\/wp\/v2\/types\/post"}],"author":[{"embeddable":true,"href":"https:\/\/eldiariodesanpedro.com.ar\/sitio\/wp-json\/wp\/v2\/users\/4"}],"replies":[{"embeddable":true,"href":"https:\/\/eldiariodesanpedro.com.ar\/sitio\/wp-json\/wp\/v2\/comments?post=146778"}],"version-history":[{"count":1,"href":"https:\/\/eldiariodesanpedro.com.ar\/sitio\/wp-json\/wp\/v2\/posts\/146778\/revisions"}],"predecessor-version":[{"id":146780,"href":"https:\/\/eldiariodesanpedro.com.ar\/sitio\/wp-json\/wp\/v2\/posts\/146778\/revisions\/146780"}],"wp:featuredmedia":[{"embeddable":true,"href":"https:\/\/eldiariodesanpedro.com.ar\/sitio\/wp-json\/wp\/v2\/media\/146779"}],"wp:attachment":[{"href":"https:\/\/eldiariodesanpedro.com.ar\/sitio\/wp-json\/wp\/v2\/media?parent=146778"}],"wp:term":[{"taxonomy":"category","embeddable":true,"href":"https:\/\/eldiariodesanpedro.com.ar\/sitio\/wp-json\/wp\/v2\/categories?post=146778"},{"taxonomy":"post_tag","embeddable":true,"href":"https:\/\/eldiariodesanpedro.com.ar\/sitio\/wp-json\/wp\/v2\/tags?post=146778"}],"curies":[{"name":"wp","href":"https:\/\/api.w.org\/{rel}","templated":true}]}}