{"id":14677,"date":"2017-02-14T20:11:23","date_gmt":"2017-02-14T23:11:23","guid":{"rendered":"https:\/\/eldiariodesanpedro.com.ar\/sitio\/?p=14677"},"modified":"2017-02-14T20:11:23","modified_gmt":"2017-02-14T23:11:23","slug":"san-nicolas-en-60-dias-comienzan-las-obras-en-el-ingreso-a-el-paraiso","status":"publish","type":"post","link":"https:\/\/eldiariodesanpedro.com.ar\/sitio\/san-nicolas-en-60-dias-comienzan-las-obras-en-el-ingreso-a-el-paraiso\/","title":{"rendered":"SAN NICOL\u00c1S: En 60 d\u00edas comienzan las obras en el ingreso a \u00abEl Para\u00edso\u00bb"},"content":{"rendered":"<p><!-- VideographyWP Plugin Message: Automatic video embedding prevented by plugin options. --><br \/>\nEn aproximadamente 60 d\u00edas deber\u00edan estar comenzando los trabajos sobre algunos puntos cr\u00edticos que tiene la ruta 1001 cerca de la localidad. Ayer se abrieron los sobres de la licitaci\u00f3n, resultando la empresa IARSA la elegida para realizar esos trabajos. La inversi\u00f3n ser\u00eda de $2.200.000.<\/p>\n<p>Esta ma\u00f1ana, en radio Meta, consultamos al delegado, Ricardo Ost\u00e1n. \u201cEspec\u00edficamente, se van a hacer \u201calteos\u201d donde haga falta. Vamos a determinar nosotros cuales son las partes que tiene mayor problema, para no tener cortes de camino despu\u00e9s con la cosecha y ahora con el transito com\u00fan\u201d. Esta obra, de menor escala, va a ser financiada por el gobierno de la Provincia para resolver estos problemas puntuales. \u201cVamos a ver si podemos hacer una alteo en el arroyo Las Hermanas y otro en el arroyo Los Cueros. Hay otros intermedios con algunas alcantarillas grandes, pero el problema mayor lo tenemos en el arroyo Los Cueros. Tiene algunos problemas de cuenca que la Provincia lo va a tener que ir solucionando\u201d.<\/p>\n<p>Tambi\u00e9n se refiri\u00f3 a la posibilidad de que se pueda agregar el arreglo del acceso principal a El Para\u00edso, viniendo de la Autopista, a la obra de repavimentaci\u00f3n de la ruta 51 que comenzar\u00e1 a fines de marzo. \u201cUno trata de no hablar demasiado sobre este tema, porque hace bastante tiempo que estamos luchando por ese acceso y prefiero ser cauto y tener paciencia\u201d. (www.metafm.com.ar)<\/p>\n","protected":false},"excerpt":{"rendered":"<p>En aproximadamente 60 d\u00edas deber\u00edan estar comenzando los trabajos sobre algunos puntos cr\u00edticos que tiene la ruta 1001 cerca de la localidad. Ayer se abrieron los sobres de la licitaci\u00f3n, resultando la empresa IARSA la elegida para realizar esos trabajos. La inversi\u00f3n ser\u00eda de $2.200.000. Esta ma\u00f1ana, en radio Meta, consultamos al delegado, Ricardo Ost\u00e1n. [&hellip;]<\/p>\n","protected":false},"author":4,"featured_media":14678,"comment_status":"open","ping_status":"closed","sticky":false,"template":"","format":"standard","meta":{"om_disable_all_campaigns":false,"_jetpack_memberships_contains_paid_content":false,"footnotes":""},"categories":[621],"tags":[],"class_list":["post-14677","post","type-post","status-publish","format-standard","has-post-thumbnail","hentry","category-regionales"],"aioseo_notices":[],"gutentor_comment":0,"jetpack_featured_media_url":"https:\/\/eldiariodesanpedro.com.ar\/sitio\/wp-content\/uploads\/2017\/02\/ingreso-a-El-Para\u00edso.jpg","jetpack_shortlink":"https:\/\/wp.me\/p6RhLt-3OJ","jetpack_sharing_enabled":true,"_links":{"self":[{"href":"https:\/\/eldiariodesanpedro.com.ar\/sitio\/wp-json\/wp\/v2\/posts\/14677","targetHints":{"allow":["GET"]}}],"collection":[{"href":"https:\/\/eldiariodesanpedro.com.ar\/sitio\/wp-json\/wp\/v2\/posts"}],"about":[{"href":"https:\/\/eldiariodesanpedro.com.ar\/sitio\/wp-json\/wp\/v2\/types\/post"}],"author":[{"embeddable":true,"href":"https:\/\/eldiariodesanpedro.com.ar\/sitio\/wp-json\/wp\/v2\/users\/4"}],"replies":[{"embeddable":true,"href":"https:\/\/eldiariodesanpedro.com.ar\/sitio\/wp-json\/wp\/v2\/comments?post=14677"}],"version-history":[{"count":1,"href":"https:\/\/eldiariodesanpedro.com.ar\/sitio\/wp-json\/wp\/v2\/posts\/14677\/revisions"}],"predecessor-version":[{"id":14679,"href":"https:\/\/eldiariodesanpedro.com.ar\/sitio\/wp-json\/wp\/v2\/posts\/14677\/revisions\/14679"}],"wp:featuredmedia":[{"embeddable":true,"href":"https:\/\/eldiariodesanpedro.com.ar\/sitio\/wp-json\/wp\/v2\/media\/14678"}],"wp:attachment":[{"href":"https:\/\/eldiariodesanpedro.com.ar\/sitio\/wp-json\/wp\/v2\/media?parent=14677"}],"wp:term":[{"taxonomy":"category","embeddable":true,"href":"https:\/\/eldiariodesanpedro.com.ar\/sitio\/wp-json\/wp\/v2\/categories?post=14677"},{"taxonomy":"post_tag","embeddable":true,"href":"https:\/\/eldiariodesanpedro.com.ar\/sitio\/wp-json\/wp\/v2\/tags?post=14677"}],"curies":[{"name":"wp","href":"https:\/\/api.w.org\/{rel}","templated":true}]}}