{"id":146755,"date":"2026-01-06T13:33:39","date_gmt":"2026-01-06T16:33:39","guid":{"rendered":"https:\/\/eldiariodesanpedro.com.ar\/sitio\/?p=146755"},"modified":"2026-01-06T13:33:44","modified_gmt":"2026-01-06T16:33:44","slug":"dos-operativos-policiales-permitieron-detectar-a-infractores-en-la-via-publica","status":"publish","type":"post","link":"https:\/\/eldiariodesanpedro.com.ar\/sitio\/dos-operativos-policiales-permitieron-detectar-a-infractores-en-la-via-publica\/","title":{"rendered":"Dos operativos policiales permitieron detectar a infractores en la v\u00eda p\u00fablica"},"content":{"rendered":"<!-- VideographyWP Plugin Message: Automatic video embedding prevented by plugin options. -->\n\n<p>En distintos procedimientos realizados en la ciudad, la polic\u00eda identific\u00f3 a dos hombres de 30 a\u00f1os, uno con pedido de captura por tentativa de homicidio y otro portando un arma blanca.<\/p>\n\n\n\n<p>En el marco de <strong>dos operativos independientes<\/strong>, personal policial logr\u00f3 <strong>detectar y demorar a dos hombres<\/strong> que se encontraban <strong>en infracci\u00f3n a la ley mientras circulaban por la v\u00eda p\u00fablica<\/strong>.<\/p>\n\n\n\n<p>El primero de los hechos ocurri\u00f3 <strong>en calle Estrada al 450<\/strong>, donde efectivos de la <strong>Jefatura local<\/strong> identificaron a un <strong>joven de 30 a\u00f1os<\/strong> que, tras ser consultado el sistema inform\u00e1tico, <strong>registraba un pedido de captura activa<\/strong>. La medida judicial correspond\u00eda a una causa caratulada como <strong>tentativa de homicidio<\/strong>, con <strong>fecha de alta del 15 de octubre de 2024<\/strong>, requerida por el <strong>Juzgado de Garant\u00edas del Departamento Judicial San Nicol\u00e1s<\/strong>. El sujeto fue <strong>trasladado a la dependencia policial<\/strong> con el fin de <strong>regularizar su situaci\u00f3n procesal<\/strong>.<\/p>\n\n\n\n<p>En un <strong>segundo procedimiento<\/strong>, llevado a cabo <strong>en la intersecci\u00f3n de G\u00fcemes y Cruz Roja<\/strong>, el personal policial <strong>aprehendi\u00f3 a otro hombre de 30 a\u00f1os<\/strong> que se encontraba <strong>alterando el orden p\u00fablico<\/strong> y <strong>portando un arma blanca<\/strong>. Ante esta situaci\u00f3n, se procedi\u00f3 a su <strong>inmediata intervenci\u00f3n<\/strong>, quedando el caso bajo la \u00f3rbita del <strong>Juzgado de Paz local<\/strong>.<\/p>\n\n\n\n<p>Ambos operativos forman parte de las <strong>tareas preventivas y de control<\/strong> que se desarrollan de manera constante para <strong>garantizar la seguridad y el orden en la ciudad<\/strong>.<\/p>\n","protected":false},"excerpt":{"rendered":"<p>En distintos procedimientos realizados en la ciudad, la polic\u00eda identific\u00f3 a dos hombres de 30 a\u00f1os, uno con pedido de captura por tentativa de homicidio y otro portando un arma blanca. En el marco de dos operativos independientes, personal policial logr\u00f3 detectar y demorar a dos hombres que se encontraban en infracci\u00f3n a la ley [&hellip;]<\/p>\n","protected":false},"author":4,"featured_media":146756,"comment_status":"closed","ping_status":"closed","sticky":false,"template":"","format":"standard","meta":{"om_disable_all_campaigns":false,"_jetpack_memberships_contains_paid_content":false,"footnotes":""},"categories":[2,103],"tags":[3597,918,8002,4026,8129,3584,6058],"class_list":["post-146755","post","type-post","status-publish","format-standard","has-post-thumbnail","hentry","category-locales","category-policiales-locales","tag-aprehension-2","tag-arma-blanca","tag-control-policial","tag-operativos-policiales","tag-pedido-de-captura-activa","tag-seguridad-ciudadana","tag-tentativa-de-homicidio"],"aioseo_notices":[],"gutentor_comment":0,"jetpack_featured_media_url":"https:\/\/eldiariodesanpedro.com.ar\/sitio\/wp-content\/uploads\/2026\/01\/medida-10.jpg","jetpack_shortlink":"https:\/\/wp.me\/p6RhLt-Cb1","jetpack_sharing_enabled":true,"_links":{"self":[{"href":"https:\/\/eldiariodesanpedro.com.ar\/sitio\/wp-json\/wp\/v2\/posts\/146755","targetHints":{"allow":["GET"]}}],"collection":[{"href":"https:\/\/eldiariodesanpedro.com.ar\/sitio\/wp-json\/wp\/v2\/posts"}],"about":[{"href":"https:\/\/eldiariodesanpedro.com.ar\/sitio\/wp-json\/wp\/v2\/types\/post"}],"author":[{"embeddable":true,"href":"https:\/\/eldiariodesanpedro.com.ar\/sitio\/wp-json\/wp\/v2\/users\/4"}],"replies":[{"embeddable":true,"href":"https:\/\/eldiariodesanpedro.com.ar\/sitio\/wp-json\/wp\/v2\/comments?post=146755"}],"version-history":[{"count":1,"href":"https:\/\/eldiariodesanpedro.com.ar\/sitio\/wp-json\/wp\/v2\/posts\/146755\/revisions"}],"predecessor-version":[{"id":146757,"href":"https:\/\/eldiariodesanpedro.com.ar\/sitio\/wp-json\/wp\/v2\/posts\/146755\/revisions\/146757"}],"wp:featuredmedia":[{"embeddable":true,"href":"https:\/\/eldiariodesanpedro.com.ar\/sitio\/wp-json\/wp\/v2\/media\/146756"}],"wp:attachment":[{"href":"https:\/\/eldiariodesanpedro.com.ar\/sitio\/wp-json\/wp\/v2\/media?parent=146755"}],"wp:term":[{"taxonomy":"category","embeddable":true,"href":"https:\/\/eldiariodesanpedro.com.ar\/sitio\/wp-json\/wp\/v2\/categories?post=146755"},{"taxonomy":"post_tag","embeddable":true,"href":"https:\/\/eldiariodesanpedro.com.ar\/sitio\/wp-json\/wp\/v2\/tags?post=146755"}],"curies":[{"name":"wp","href":"https:\/\/api.w.org\/{rel}","templated":true}]}}