{"id":14674,"date":"2017-02-14T20:03:38","date_gmt":"2017-02-14T23:03:38","guid":{"rendered":"https:\/\/eldiariodesanpedro.com.ar\/sitio\/?p=14674"},"modified":"2017-02-14T20:03:38","modified_gmt":"2017-02-14T23:03:38","slug":"el-municipio-decidio-bajar-el-costo-de-las-multas-y-de-la-licencia-de-conducir","status":"publish","type":"post","link":"https:\/\/eldiariodesanpedro.com.ar\/sitio\/el-municipio-decidio-bajar-el-costo-de-las-multas-y-de-la-licencia-de-conducir\/","title":{"rendered":"El Municipio decidi\u00f3 bajar el costo de las multas y de la licencia de conducir"},"content":{"rendered":"<p><!-- VideographyWP Plugin Message: Automatic video embedding prevented by plugin options. --><br \/>\n\u201cHace tiempo que ven\u00edamos analizando la situaci\u00f3n y se va a bajar el costo del valor de la licencia para motos y tambi\u00e9n vamos a darle la posibilidad al Juzgado de Faltas de reducir sustancialmente las multas\u201d, sostuvo el Dr. Ram\u00f3n Salazar, Secretario de Legal y T\u00e9cnica de la Municipalidad de San Pedro. Y agreg\u00f3 en ese sentido: \u201cNosotros consideramos que las multas son altas, el tema es que son fijadas por un decreto provincial del a\u00f1o 2009 que establecer el valor que se debe aplicar a cada infracci\u00f3n\u201d. Entonces la idea es \u201cbonificar estas sanciones para que no le sean tan onerosas a la poblaci\u00f3n de San Pedro\u201d, sostuvo el funcionario.<\/p>\n<p>\u201cNosotros nos hemos encontrado con un San Pedro que estaba falto de control, pr\u00e1cticamente en todos los lugares\u201d y \u201cmucha gente no tiene los papeles en reglas, otros han sacado las motos en agencias que hoy no existen en la ciudad o que ya la sociedad an\u00f3nima no existe, entonces no tiene la posibilidad de inscribir como corresponde, que adem\u00e1s le cuesta hacer el carnet de conducir porque le sale muy caro\u201d, asever\u00f3.<\/p>\n<p>\u201cNo sabemos si lo vamos a hacer a trav\u00e9s de un decreto o una Ordenanza, pero vamos a regular esto  para que la gente pueda ponerse en regla\u201d, afirm\u00f3 Salazar.<\/p>\n<p>En tanto que explic\u00f3: \u201cEl carnet de conducir para motos cuesta 1300 pesos se va a reducir por lo menos a la mitad. La intenci\u00f3n del Intendente es que se pueda llevar mucho m\u00e1s abajo pero tambi\u00e9n hay que cumplir con tasas provinciales  y nacionales  que el municipio debe pagar con cada carnet que emite\u201d.<\/p>\n<p><strong>Trabajo comunitario<\/strong><\/p>\n<p>Se trata de una alternativa que est\u00e1 en estudio y que da la posibilidad a los vecinos pero m\u00e1s especialmente a aquellos que constan de escasos recursos. De esta manera podr\u00e1n regularizar y pagar las sanciones econ\u00f3micas.<\/p>\n<p>\u201cEstamos trabajando en la posibilidad de que se hagan tareas comunitarias para pagar las multas\u201d asegur\u00f3 o el Dr. Ram\u00f3n Salazar, Secretario de Legal y T\u00e9cnica de la Municipalidad de San Pedro. Y agreg\u00f3: \u201cEstamos proponiendo hacerlas en el Hospital, en los Centros de Salud\u201d.<\/p>\n<p>\u201cLa persona que no pueda pagar, que sea insolvente que puedan proponer ellos mismos la posibilidad de hacer tareas comunitarias y de esa forma pagar la infracci\u00f3n\u201d, explic\u00f3 el funcionario luego. \u201cLa experiencia tambi\u00e9n nos ense\u00f1a y nos ha tocado sacarle la moto a trabajadores que se ganan la vida diariamente y les cuesta mucho pagar esa multa\u201d, asever\u00f3.<\/p>\n","protected":false},"excerpt":{"rendered":"<p>\u201cHace tiempo que ven\u00edamos analizando la situaci\u00f3n y se va a bajar el costo del valor de la licencia para motos y tambi\u00e9n vamos a darle la posibilidad al Juzgado de Faltas de reducir sustancialmente las multas\u201d, sostuvo el Dr. Ram\u00f3n Salazar, Secretario de Legal y T\u00e9cnica de la Municipalidad de San Pedro. Y agreg\u00f3 [&hellip;]<\/p>\n","protected":false},"author":4,"featured_media":14675,"comment_status":"open","ping_status":"closed","sticky":false,"template":"","format":"standard","meta":{"om_disable_all_campaigns":false,"_jetpack_memberships_contains_paid_content":false,"footnotes":""},"categories":[50,2,102],"tags":[],"class_list":["post-14674","post","type-post","status-publish","format-standard","has-post-thumbnail","hentry","category-destacadas","category-locales","category-politica-locales"],"aioseo_notices":[],"gutentor_comment":0,"jetpack_featured_media_url":"https:\/\/eldiariodesanpedro.com.ar\/sitio\/wp-content\/uploads\/2017\/02\/multa-transito.jpg","jetpack_shortlink":"https:\/\/wp.me\/p6RhLt-3OG","jetpack_sharing_enabled":true,"_links":{"self":[{"href":"https:\/\/eldiariodesanpedro.com.ar\/sitio\/wp-json\/wp\/v2\/posts\/14674","targetHints":{"allow":["GET"]}}],"collection":[{"href":"https:\/\/eldiariodesanpedro.com.ar\/sitio\/wp-json\/wp\/v2\/posts"}],"about":[{"href":"https:\/\/eldiariodesanpedro.com.ar\/sitio\/wp-json\/wp\/v2\/types\/post"}],"author":[{"embeddable":true,"href":"https:\/\/eldiariodesanpedro.com.ar\/sitio\/wp-json\/wp\/v2\/users\/4"}],"replies":[{"embeddable":true,"href":"https:\/\/eldiariodesanpedro.com.ar\/sitio\/wp-json\/wp\/v2\/comments?post=14674"}],"version-history":[{"count":1,"href":"https:\/\/eldiariodesanpedro.com.ar\/sitio\/wp-json\/wp\/v2\/posts\/14674\/revisions"}],"predecessor-version":[{"id":14676,"href":"https:\/\/eldiariodesanpedro.com.ar\/sitio\/wp-json\/wp\/v2\/posts\/14674\/revisions\/14676"}],"wp:featuredmedia":[{"embeddable":true,"href":"https:\/\/eldiariodesanpedro.com.ar\/sitio\/wp-json\/wp\/v2\/media\/14675"}],"wp:attachment":[{"href":"https:\/\/eldiariodesanpedro.com.ar\/sitio\/wp-json\/wp\/v2\/media?parent=14674"}],"wp:term":[{"taxonomy":"category","embeddable":true,"href":"https:\/\/eldiariodesanpedro.com.ar\/sitio\/wp-json\/wp\/v2\/categories?post=14674"},{"taxonomy":"post_tag","embeddable":true,"href":"https:\/\/eldiariodesanpedro.com.ar\/sitio\/wp-json\/wp\/v2\/tags?post=14674"}],"curies":[{"name":"wp","href":"https:\/\/api.w.org\/{rel}","templated":true}]}}