{"id":146700,"date":"2026-01-05T16:54:38","date_gmt":"2026-01-05T19:54:38","guid":{"rendered":"https:\/\/eldiariodesanpedro.com.ar\/sitio\/tragedia-en-apostoles-tres-ninas-de-7-anos-fallecieron-ahogadas-en-una-cantera\/"},"modified":"2026-01-05T16:54:38","modified_gmt":"2026-01-05T19:54:38","slug":"tragedia-en-apostoles-tres-ninas-de-7-anos-fallecieron-ahogadas-en-una-cantera","status":"publish","type":"post","link":"https:\/\/eldiariodesanpedro.com.ar\/sitio\/tragedia-en-apostoles-tres-ninas-de-7-anos-fallecieron-ahogadas-en-una-cantera\/","title":{"rendered":"Tragedia en Ap\u00f3stoles: Tres ni\u00f1as de 7 a\u00f1os fallecieron ahogadas en una cantera"},"content":{"rendered":"<p><!-- VideographyWP Plugin Message: Automatic video embedding prevented by plugin options. --><\/p>\n<p><strong>Una tragedia sacudi\u00f3 a la ciudad de Ap\u00f3stoles, Misiones,<\/strong> este fin de semana cuando tres ni\u00f1as de siete a\u00f1os murieron ahogadas en una cantera abandonada ubicada en la periferia urbana. El hecho ocurri\u00f3 en las inmediaciones del barrio La Cantera, donde resid\u00edan las menores.<\/p>\n<p>Las v\u00edctimas asistieron al lugar junto a familiares durante la tarde del s\u00e1bado, buscando alivio ante las elevadas temperaturas. Instalados bajo la sombra, las ni\u00f1as se alejaron unos metros e ingresaron al agua, desconociendo <strong>la profundidad y el riesgo<\/strong> que representaba el sitio.<\/p>\n<p>Poco despu\u00e9s, los adultos que las acompa\u00f1aban escucharon sus gritos de auxilio. Dos ni\u00f1as comenzaron a ahogarse, mientras la tercera intent\u00f3 rescatarlas, sum\u00e1ndose ella misma a la emergencia. Una de las madres ingres\u00f3 a la laguna para socorrerlas, corriendo tambi\u00e9n serio peligro, hasta que efectivos policiales que llegaron al lugar lograron rescatarla.<\/p>\n<p>La <strong>cantera, convertida en laguna<\/strong>, no cuenta con habilitaci\u00f3n para actividades recreativas. Si bien uno de los m\u00e1rgenes est\u00e1 protegido y cuenta con presencia policial debido a la construcci\u00f3n de un parque que a\u00fan no fue inaugurado, vecinos suelen ingresar desde sectores no resguardados.<\/p>\n<p>Personal policial arrib\u00f3 r\u00e1pidamente tras la alerta de otros presentes en la cantera. Los agentes sacaron a una de las madres en peligro y luego hallaron a las menores en el agua. Tras realizar maniobras de reanimaci\u00f3n, trasladaron a las ni\u00f1as al hospital local, donde se constat\u00f3 el fallecimiento de las tres, identificadas como <strong>Agustina Nicol Olivera, Soe Alma M\u00eda Da Silva y Ramona Beatriz Villalba<\/strong>, todas de siete a\u00f1os. Dos de ellas eran primas y la tercera, amiga.<\/p>\n<p>Luego de que un m\u00e9dico policial confirmara que la causa del deceso fue asfixia por inmersi\u00f3n, el juez de Instrucci\u00f3n orden\u00f3 la entrega de los cuerpos a sus familias. Al momento del episodio, se encontraba una importante cantidad de personas en el predio, muchas de las cuales se retiraron tras la tragedia.<\/p>\n","protected":false},"excerpt":{"rendered":"<p>Tres ni\u00f1as perdieron la vida al ahogarse en una cantera abandonada de Ap\u00f3stoles, Misiones. El lugar no est\u00e1 habilitado para actividades recreativas.<\/p>\n","protected":false},"author":1,"featured_media":146699,"comment_status":"","ping_status":"","sticky":false,"template":"","format":"standard","meta":{"om_disable_all_campaigns":false,"_jetpack_memberships_contains_paid_content":false,"footnotes":""},"categories":[3],"tags":[],"class_list":["post-146700","post","type-post","status-publish","format-standard","has-post-thumbnail","hentry","category-nacionales"],"aioseo_notices":[],"gutentor_comment":0,"jetpack_featured_media_url":"https:\/\/eldiariodesanpedro.com.ar\/sitio\/wp-content\/uploads\/2026\/01\/H3T-yv6hk_2000x1500__1.jpg","jetpack_shortlink":"https:\/\/wp.me\/p6RhLt-Ca8","jetpack_sharing_enabled":true,"_links":{"self":[{"href":"https:\/\/eldiariodesanpedro.com.ar\/sitio\/wp-json\/wp\/v2\/posts\/146700","targetHints":{"allow":["GET"]}}],"collection":[{"href":"https:\/\/eldiariodesanpedro.com.ar\/sitio\/wp-json\/wp\/v2\/posts"}],"about":[{"href":"https:\/\/eldiariodesanpedro.com.ar\/sitio\/wp-json\/wp\/v2\/types\/post"}],"author":[{"embeddable":true,"href":"https:\/\/eldiariodesanpedro.com.ar\/sitio\/wp-json\/wp\/v2\/users\/1"}],"replies":[{"embeddable":true,"href":"https:\/\/eldiariodesanpedro.com.ar\/sitio\/wp-json\/wp\/v2\/comments?post=146700"}],"version-history":[{"count":0,"href":"https:\/\/eldiariodesanpedro.com.ar\/sitio\/wp-json\/wp\/v2\/posts\/146700\/revisions"}],"wp:featuredmedia":[{"embeddable":true,"href":"https:\/\/eldiariodesanpedro.com.ar\/sitio\/wp-json\/wp\/v2\/media\/146699"}],"wp:attachment":[{"href":"https:\/\/eldiariodesanpedro.com.ar\/sitio\/wp-json\/wp\/v2\/media?parent=146700"}],"wp:term":[{"taxonomy":"category","embeddable":true,"href":"https:\/\/eldiariodesanpedro.com.ar\/sitio\/wp-json\/wp\/v2\/categories?post=146700"},{"taxonomy":"post_tag","embeddable":true,"href":"https:\/\/eldiariodesanpedro.com.ar\/sitio\/wp-json\/wp\/v2\/tags?post=146700"}],"curies":[{"name":"wp","href":"https:\/\/api.w.org\/{rel}","templated":true}]}}