{"id":146694,"date":"2026-01-05T15:54:54","date_gmt":"2026-01-05T18:54:54","guid":{"rendered":"https:\/\/eldiariodesanpedro.com.ar\/sitio\/hallan-el-cuerpo-de-un-joven-desaparecido-en-el-rio-limay\/"},"modified":"2026-01-05T15:54:54","modified_gmt":"2026-01-05T18:54:54","slug":"hallan-el-cuerpo-de-un-joven-desaparecido-en-el-rio-limay","status":"publish","type":"post","link":"https:\/\/eldiariodesanpedro.com.ar\/sitio\/hallan-el-cuerpo-de-un-joven-desaparecido-en-el-rio-limay\/","title":{"rendered":"Hallan el cuerpo de un joven desaparecido en el r\u00edo Limay"},"content":{"rendered":"<p><!-- VideographyWP Plugin Message: Automatic video embedding prevented by plugin options. --><\/p>\n<p>Las autoridades confirmaron el <strong>hallazgo del cuerpo de un adolescente<\/strong> que hab\u00eda desaparecido tras ser <strong>arrastrado por la corriente del r\u00edo Limay<\/strong>. El operativo de b\u00fasqueda se despleg\u00f3 durante varias horas, en el que participaron equipos de rescate y fuerzas policiales de la regi\u00f3n.<\/p>\n<p>El joven fue localizado sin vida despu\u00e9s de intensos rastreos a lo largo de la rivera. El hecho gener\u00f3 conmoci\u00f3n en la comunidad local. Las pericias policiales y judiciales buscan determinar las circunstancias que provocaron el tr\u00e1gico desenlace.<\/p>\n<p>Familiares y allegados se acercaron al lugar luego de que se diera a conocer la noticia, en un clima de profundo dolor. Las autoridades reiteraron la importancia de tomar medidas de precauci\u00f3n al acercarse a zonas de r\u00edos con corrientes peligrosas.<\/p>\n","protected":false},"excerpt":{"rendered":"<p>El adolescente fue buscado durante varias horas luego de haber sido arrastrado por la corriente hasta que finalmente encontraron su cuerpo sin vida.<\/p>\n","protected":false},"author":1,"featured_media":146693,"comment_status":"","ping_status":"","sticky":false,"template":"","format":"standard","meta":{"om_disable_all_campaigns":false,"_jetpack_memberships_contains_paid_content":false,"footnotes":""},"categories":[3],"tags":[],"class_list":["post-146694","post","type-post","status-publish","format-standard","has-post-thumbnail","hentry","category-nacionales"],"aioseo_notices":[],"gutentor_comment":0,"jetpack_featured_media_url":"https:\/\/eldiariodesanpedro.com.ar\/sitio\/wp-content\/uploads\/2026\/01\/encontraron-el-cuerpo-de-santiago-el-adolescente-ASFNWFWOKNHMZF4RXSQDRSN4XQ.jpg","jetpack_shortlink":"https:\/\/wp.me\/p6RhLt-Ca2","jetpack_sharing_enabled":true,"_links":{"self":[{"href":"https:\/\/eldiariodesanpedro.com.ar\/sitio\/wp-json\/wp\/v2\/posts\/146694","targetHints":{"allow":["GET"]}}],"collection":[{"href":"https:\/\/eldiariodesanpedro.com.ar\/sitio\/wp-json\/wp\/v2\/posts"}],"about":[{"href":"https:\/\/eldiariodesanpedro.com.ar\/sitio\/wp-json\/wp\/v2\/types\/post"}],"author":[{"embeddable":true,"href":"https:\/\/eldiariodesanpedro.com.ar\/sitio\/wp-json\/wp\/v2\/users\/1"}],"replies":[{"embeddable":true,"href":"https:\/\/eldiariodesanpedro.com.ar\/sitio\/wp-json\/wp\/v2\/comments?post=146694"}],"version-history":[{"count":0,"href":"https:\/\/eldiariodesanpedro.com.ar\/sitio\/wp-json\/wp\/v2\/posts\/146694\/revisions"}],"wp:featuredmedia":[{"embeddable":true,"href":"https:\/\/eldiariodesanpedro.com.ar\/sitio\/wp-json\/wp\/v2\/media\/146693"}],"wp:attachment":[{"href":"https:\/\/eldiariodesanpedro.com.ar\/sitio\/wp-json\/wp\/v2\/media?parent=146694"}],"wp:term":[{"taxonomy":"category","embeddable":true,"href":"https:\/\/eldiariodesanpedro.com.ar\/sitio\/wp-json\/wp\/v2\/categories?post=146694"},{"taxonomy":"post_tag","embeddable":true,"href":"https:\/\/eldiariodesanpedro.com.ar\/sitio\/wp-json\/wp\/v2\/tags?post=146694"}],"curies":[{"name":"wp","href":"https:\/\/api.w.org\/{rel}","templated":true}]}}