{"id":14669,"date":"2017-02-14T19:58:54","date_gmt":"2017-02-14T22:58:54","guid":{"rendered":"https:\/\/eldiariodesanpedro.com.ar\/sitio\/?p=14669"},"modified":"2017-02-14T19:58:54","modified_gmt":"2017-02-14T22:58:54","slug":"que-vidal-no-viole-la-ley-y-devuelva-los-descuentos-por-paro","status":"publish","type":"post","link":"https:\/\/eldiariodesanpedro.com.ar\/sitio\/que-vidal-no-viole-la-ley-y-devuelva-los-descuentos-por-paro\/","title":{"rendered":"\u201cQue Vidal no viole la ley y devuelva los descuentos por paro\u201d"},"content":{"rendered":"<p><!-- VideographyWP Plugin Message: Automatic video embedding prevented by plugin options. --><br \/>\nAs\u00ed lo se\u00f1al\u00f3 el secretario general de ATE y la CTA Aut\u00f3noma de la provincia de Buenos Aires, Oscar de Isasi, al referirse a la opini\u00f3n del Fiscal General de la Provincia de Buenos Aires, Hern\u00e1n G\u00f3mez, sobre la vigencia de las dos medidas cautelares del Juzgado en lo Contencioso Administrativo N\u00ba1 de La Plata y, por lo tanto, sobre la ilegalidad de descontar los d\u00edas de paro a los trabajadores del Estado.<\/p>\n<p>\u201cLa Justicia est\u00e1 planteando la ilegalidad de descontar los d\u00edas de paro del a\u00f1o pasado y como su opini\u00f3n es vinculante deber\u00e1n actuar bajo los marcos de la ley. Nos vienen metiendo la mano el bolsillo desde que se inici\u00f3 la paritaria y por lo tanto deber\u00e1n devolver todo lo descontado desde enero de 2016. Por lo tanto, hay que decirle a Vidal que no viole la ley, deje de meternos la mano en los bolsillos y devuelva los descuentos por paro\u201d, se\u00f1al\u00f3 de Isasi.<\/p>\n<p>En cuanto al cierre de la paritaria para los trabajadores estatales, de Isasi remarc\u00f3 que:<\/p>\n<p>\u201cLa sociedad empieza a ver que el aumento del 18% era muy malo. El mismo est\u00e1 quedando muy por debajo de la inflaci\u00f3n y aunque diga que va a adecuarse a la inflaci\u00f3n, los n\u00fameros que ellos manejan est\u00e1n por debajo de lo que necesita un trabajador, ya que manejan indicadores mentirosos\u201d.<\/p>\n<p>\u201cEl 18 % de aumento que nos otorg\u00f3 fue en cuatro cuotas no remunerativas, lo que transforma el aumento a salario real en un 11,9 %, por lo tanto, 5 puntos por debajo de la inflaci\u00f3n del 17% proyectada por ellos mismos, que como todos sabemos es bastante alejada de la inflaci\u00f3n real que se calcula en un 25%\u201d, precis\u00f3 de Isasi.<\/p>\n<p><strong>Medidas de acci\u00f3n<\/strong><\/p>\n<p>\u201cEl d\u00eda 22 de febrero desarrollaremos un plan de acci\u00f3n con los gremios estatales de la CTA Aut\u00f3noma de la provincia de Buenos Aires, con una jornada provincial de lucha en la que cada organizaci\u00f3n le dar\u00e1 la forma adecuada para visibilizar los reclamos por aumento salarial, fin de la precariedad laboral, designaci\u00f3n de personal en las \u00e1reas cr\u00edticas y por un Estado al servicio de las mayor\u00edas populares\u201d, se\u00f1al\u00f3 el secretario general de ATE y la CTA Aut\u00f3noma de la provincia de Buenos Aires.<\/p>\n<p>Por otra parte, se refiri\u00f3 al paro nacional convocado desde ATE y extensivo a todas las organizaciones gremiales del sector. \u201cLo que va tomando forma, y desde ATE provincia de Buenos Aires venimos fomentando, es la iniciativa que el 6 de marzo ATE nacional impulse un paro en todas las jurisdicciones, tanto nacionales como provinciales y municipales, junto al resto de los estatales\u201d, finaliz\u00f3 diciendo de Isasi.<\/p>\n","protected":false},"excerpt":{"rendered":"<p>As\u00ed lo se\u00f1al\u00f3 el secretario general de ATE y la CTA Aut\u00f3noma de la provincia de Buenos Aires, Oscar de Isasi, al referirse a la opini\u00f3n del Fiscal General de la Provincia de Buenos Aires, Hern\u00e1n G\u00f3mez, sobre la vigencia de las dos medidas cautelares del Juzgado en lo Contencioso Administrativo N\u00ba1 de La Plata [&hellip;]<\/p>\n","protected":false},"author":4,"featured_media":13425,"comment_status":"open","ping_status":"closed","sticky":false,"template":"","format":"standard","meta":{"om_disable_all_campaigns":false,"_jetpack_memberships_contains_paid_content":false,"footnotes":""},"categories":[2,102],"tags":[],"class_list":["post-14669","post","type-post","status-publish","format-standard","has-post-thumbnail","hentry","category-locales","category-politica-locales"],"aioseo_notices":[],"gutentor_comment":0,"jetpack_featured_media_url":"https:\/\/eldiariodesanpedro.com.ar\/sitio\/wp-content\/uploads\/2017\/01\/oscar-de-isasi.jpg","jetpack_shortlink":"https:\/\/wp.me\/p6RhLt-3OB","jetpack_sharing_enabled":true,"_links":{"self":[{"href":"https:\/\/eldiariodesanpedro.com.ar\/sitio\/wp-json\/wp\/v2\/posts\/14669","targetHints":{"allow":["GET"]}}],"collection":[{"href":"https:\/\/eldiariodesanpedro.com.ar\/sitio\/wp-json\/wp\/v2\/posts"}],"about":[{"href":"https:\/\/eldiariodesanpedro.com.ar\/sitio\/wp-json\/wp\/v2\/types\/post"}],"author":[{"embeddable":true,"href":"https:\/\/eldiariodesanpedro.com.ar\/sitio\/wp-json\/wp\/v2\/users\/4"}],"replies":[{"embeddable":true,"href":"https:\/\/eldiariodesanpedro.com.ar\/sitio\/wp-json\/wp\/v2\/comments?post=14669"}],"version-history":[{"count":1,"href":"https:\/\/eldiariodesanpedro.com.ar\/sitio\/wp-json\/wp\/v2\/posts\/14669\/revisions"}],"predecessor-version":[{"id":14670,"href":"https:\/\/eldiariodesanpedro.com.ar\/sitio\/wp-json\/wp\/v2\/posts\/14669\/revisions\/14670"}],"wp:featuredmedia":[{"embeddable":true,"href":"https:\/\/eldiariodesanpedro.com.ar\/sitio\/wp-json\/wp\/v2\/media\/13425"}],"wp:attachment":[{"href":"https:\/\/eldiariodesanpedro.com.ar\/sitio\/wp-json\/wp\/v2\/media?parent=14669"}],"wp:term":[{"taxonomy":"category","embeddable":true,"href":"https:\/\/eldiariodesanpedro.com.ar\/sitio\/wp-json\/wp\/v2\/categories?post=14669"},{"taxonomy":"post_tag","embeddable":true,"href":"https:\/\/eldiariodesanpedro.com.ar\/sitio\/wp-json\/wp\/v2\/tags?post=14669"}],"curies":[{"name":"wp","href":"https:\/\/api.w.org\/{rel}","templated":true}]}}