{"id":146684,"date":"2026-01-05T16:58:00","date_gmt":"2026-01-05T19:58:00","guid":{"rendered":"https:\/\/eldiariodesanpedro.com.ar\/sitio\/?p=146684"},"modified":"2026-01-05T16:58:05","modified_gmt":"2026-01-05T19:58:05","slug":"escuelas-abiertas-en-verano-vuelve-a-garantizar-educacion-recreacion-y-alimentacion","status":"publish","type":"post","link":"https:\/\/eldiariodesanpedro.com.ar\/sitio\/escuelas-abiertas-en-verano-vuelve-a-garantizar-educacion-recreacion-y-alimentacion\/","title":{"rendered":"Escuelas Abiertas en Verano vuelve a garantizar educaci\u00f3n, recreaci\u00f3n y alimentaci\u00f3n"},"content":{"rendered":"<!-- VideographyWP Plugin Message: Automatic video embedding prevented by plugin options. -->\n\n<p>El programa provincial inici\u00f3 una nueva edici\u00f3n y alcanza a unos <strong>900 chicos y chicas desde los 3 a\u00f1os<\/strong>, con actividades educativas, recreativas y alimentarias durante el receso estival.<\/p>\n\n\n\n<p>La Direcci\u00f3n General de Cultura y Educaci\u00f3n de la provincia de Buenos Aires puso en marcha una nueva edici\u00f3n del programa <strong>Escuelas Abiertas en Verano (EAV)<\/strong>, una iniciativa que <strong>garantiza el derecho a la educaci\u00f3n, la recreaci\u00f3n y la alimentaci\u00f3n<\/strong> de ni\u00f1os, ni\u00f1as y adolescentes durante las vacaciones.<\/p>\n\n\n\n<p>En el distrito, la propuesta <strong>alcanza a alrededor de 900 estudiantes<\/strong> desde los <strong>3 a\u00f1os de edad<\/strong>, quienes participan de las actividades en <strong>13 sedes<\/strong> distribuidas tanto en la ciudad cabecera como en las localidades del partido. La organizaci\u00f3n es resultado de una <strong>articulaci\u00f3n entre la Jefatura Distrital, la Direcci\u00f3n de Educaci\u00f3n y el Municipio<\/strong>.<\/p>\n\n\n\n<p>Para el desarrollo de las actividades acu\u00e1ticas se habilitaron distintos <strong>\u201cespejos de agua\u201d<\/strong>, entre ellos el <strong>camping municipal ex Tiro Federal<\/strong>, el <strong>natatorio del Estadio Municipal<\/strong>, la <strong>pileta de La Rueda Beach<\/strong>, el <strong>Club Central C\u00f3rdoba de Santa Luc\u00eda<\/strong> \u2014que tambi\u00e9n recibe a chicos de Pueblo Doyle\u2014 y un <strong>predio privado en Vuelta de Obligado<\/strong>, donde asisten los alumnos de Gobernador Castro.<\/p>\n\n\n\n<p><strong>Inclusi\u00f3n y seguridad<\/strong><\/p>\n\n\n\n<p>El programa funciona <strong>de lunes a viernes<\/strong>, con <strong>jornadas de cuatro horas<\/strong> en turnos ma\u00f1ana y tarde. Bajo la supervisi\u00f3n de <strong>coordinadores distritales, directores de sede y docentes<\/strong>, los participantes acceden a una agenda que incluye <strong>pr\u00e1cticas deportivas, art\u00edsticas y ludomotrices<\/strong>.<\/p>\n\n\n\n<p>Desde el Gobierno provincial remarcaron que la propuesta <strong>trasciende el esparcimiento<\/strong>, incorporando ejes como <strong>concientizaci\u00f3n ambiental, cuidado de la salud, Educaci\u00f3n Sexual Integral (ESI) e interculturalidad<\/strong>. Adem\u00e1s, en todos los espacios con piletas se asignaron <strong>guardavidas<\/strong>, reforzando las <strong>condiciones de seguridad<\/strong>.<\/p>\n\n\n\n<p><strong>Continuidad alimentaria<\/strong><\/p>\n\n\n\n<p>Uno de los pilares del programa es el <strong>sostenimiento del Servicio Alimentario Escolar (SAE)<\/strong>. De manera oficial se inform\u00f3 que el Estado provincial <strong>asegura una colaci\u00f3n y el almuerzo<\/strong> para la totalidad de los estudiantes inscriptos, <strong>garantizando la seguridad alimentaria<\/strong> durante el receso.<\/p>\n\n\n\n<p>La implementaci\u00f3n de las Escuelas Abiertas en Verano surge de una <strong>gesti\u00f3n conjunta entre organismos provinciales y municipales<\/strong>, permitiendo que <strong>sectores vulnerables<\/strong> accedan a <strong>espacios verdes, natatorios y controles de atenci\u00f3n primaria de la salud<\/strong>, y consolidando <strong>pol\u00edticas de cuidado e integraci\u00f3n social<\/strong> en el territorio bonaerense.<\/p>\n","protected":false},"excerpt":{"rendered":"<p>El programa provincial inici\u00f3 una nueva edici\u00f3n y alcanza a unos 900 chicos y chicas desde los 3 a\u00f1os, con actividades educativas, recreativas y alimentarias durante el receso estival. La Direcci\u00f3n General de Cultura y Educaci\u00f3n de la provincia de Buenos Aires puso en marcha una nueva edici\u00f3n del programa Escuelas Abiertas en Verano (EAV), [&hellip;]<\/p>\n","protected":false},"author":4,"featured_media":146692,"comment_status":"closed","ping_status":"closed","sticky":false,"template":"","format":"standard","meta":{"om_disable_all_campaigns":false,"_jetpack_memberships_contains_paid_content":false,"footnotes":""},"categories":[2],"tags":[],"class_list":["post-146684","post","type-post","status-publish","format-standard","has-post-thumbnail","hentry","category-locales"],"aioseo_notices":[],"gutentor_comment":0,"jetpack_featured_media_url":"https:\/\/eldiariodesanpedro.com.ar\/sitio\/wp-content\/uploads\/2026\/01\/medida-7.jpg","jetpack_shortlink":"https:\/\/wp.me\/p6RhLt-C9S","jetpack_sharing_enabled":true,"_links":{"self":[{"href":"https:\/\/eldiariodesanpedro.com.ar\/sitio\/wp-json\/wp\/v2\/posts\/146684","targetHints":{"allow":["GET"]}}],"collection":[{"href":"https:\/\/eldiariodesanpedro.com.ar\/sitio\/wp-json\/wp\/v2\/posts"}],"about":[{"href":"https:\/\/eldiariodesanpedro.com.ar\/sitio\/wp-json\/wp\/v2\/types\/post"}],"author":[{"embeddable":true,"href":"https:\/\/eldiariodesanpedro.com.ar\/sitio\/wp-json\/wp\/v2\/users\/4"}],"replies":[{"embeddable":true,"href":"https:\/\/eldiariodesanpedro.com.ar\/sitio\/wp-json\/wp\/v2\/comments?post=146684"}],"version-history":[{"count":1,"href":"https:\/\/eldiariodesanpedro.com.ar\/sitio\/wp-json\/wp\/v2\/posts\/146684\/revisions"}],"predecessor-version":[{"id":146701,"href":"https:\/\/eldiariodesanpedro.com.ar\/sitio\/wp-json\/wp\/v2\/posts\/146684\/revisions\/146701"}],"wp:featuredmedia":[{"embeddable":true,"href":"https:\/\/eldiariodesanpedro.com.ar\/sitio\/wp-json\/wp\/v2\/media\/146692"}],"wp:attachment":[{"href":"https:\/\/eldiariodesanpedro.com.ar\/sitio\/wp-json\/wp\/v2\/media?parent=146684"}],"wp:term":[{"taxonomy":"category","embeddable":true,"href":"https:\/\/eldiariodesanpedro.com.ar\/sitio\/wp-json\/wp\/v2\/categories?post=146684"},{"taxonomy":"post_tag","embeddable":true,"href":"https:\/\/eldiariodesanpedro.com.ar\/sitio\/wp-json\/wp\/v2\/tags?post=146684"}],"curies":[{"name":"wp","href":"https:\/\/api.w.org\/{rel}","templated":true}]}}