{"id":14666,"date":"2017-02-14T19:55:29","date_gmt":"2017-02-14T22:55:29","guid":{"rendered":"https:\/\/eldiariodesanpedro.com.ar\/sitio\/?p=14666"},"modified":"2017-02-14T19:55:29","modified_gmt":"2017-02-14T22:55:29","slug":"chiarella-en-el-consejo-provincial-de-la-mujer","status":"publish","type":"post","link":"https:\/\/eldiariodesanpedro.com.ar\/sitio\/chiarella-en-el-consejo-provincial-de-la-mujer\/","title":{"rendered":"Chiarella en el Consejo Provincial de la Mujer"},"content":{"rendered":"<p><!-- VideographyWP Plugin Message: Automatic video embedding prevented by plugin options. --><br \/>\nLa Secretaria de Desarrollo Humano, Karina Chiarella, mantuvo un importante encuentro con la Directora Provincial de Abordaje Integral a las V\u00edctimas de la Violencia de G\u00e9nero, Sabrina Ladoni, junto a quien dialog\u00f3 sobre el servicio de atenci\u00f3n telef\u00f3nico y la importancia del trabajo mancomunado y coordinado que se est\u00e1 llevando adelante.<\/p>\n<p>Tambi\u00e9n participaron del encuentro: la Directora de Abordaje Integral y Asistencia T\u00e9cnica, Alejandra Vargas; Felicitas Irazusta de la Direcci\u00f3n de Fortalecimiento Local y las coordinadoras de la L\u00ednea 144PBA Valeria Segura y Natalia Montcaut.<\/p>\n","protected":false},"excerpt":{"rendered":"<p>La Secretaria de Desarrollo Humano, Karina Chiarella, mantuvo un importante encuentro con la Directora Provincial de Abordaje Integral a las V\u00edctimas de la Violencia de G\u00e9nero, Sabrina Ladoni, junto a quien dialog\u00f3 sobre el servicio de atenci\u00f3n telef\u00f3nico y la importancia del trabajo mancomunado y coordinado que se est\u00e1 llevando adelante. Tambi\u00e9n participaron del encuentro: [&hellip;]<\/p>\n","protected":false},"author":4,"featured_media":14667,"comment_status":"open","ping_status":"closed","sticky":false,"template":"","format":"standard","meta":{"om_disable_all_campaigns":false,"_jetpack_memberships_contains_paid_content":false,"footnotes":""},"categories":[2,102],"tags":[],"class_list":["post-14666","post","type-post","status-publish","format-standard","has-post-thumbnail","hentry","category-locales","category-politica-locales"],"aioseo_notices":[],"gutentor_comment":0,"jetpack_featured_media_url":"https:\/\/eldiariodesanpedro.com.ar\/sitio\/wp-content\/uploads\/2017\/02\/Karina-Chiarella-reunida-en-el-Consejo-Provincial..jpg","jetpack_shortlink":"https:\/\/wp.me\/p6RhLt-3Oy","jetpack_sharing_enabled":true,"_links":{"self":[{"href":"https:\/\/eldiariodesanpedro.com.ar\/sitio\/wp-json\/wp\/v2\/posts\/14666","targetHints":{"allow":["GET"]}}],"collection":[{"href":"https:\/\/eldiariodesanpedro.com.ar\/sitio\/wp-json\/wp\/v2\/posts"}],"about":[{"href":"https:\/\/eldiariodesanpedro.com.ar\/sitio\/wp-json\/wp\/v2\/types\/post"}],"author":[{"embeddable":true,"href":"https:\/\/eldiariodesanpedro.com.ar\/sitio\/wp-json\/wp\/v2\/users\/4"}],"replies":[{"embeddable":true,"href":"https:\/\/eldiariodesanpedro.com.ar\/sitio\/wp-json\/wp\/v2\/comments?post=14666"}],"version-history":[{"count":1,"href":"https:\/\/eldiariodesanpedro.com.ar\/sitio\/wp-json\/wp\/v2\/posts\/14666\/revisions"}],"predecessor-version":[{"id":14668,"href":"https:\/\/eldiariodesanpedro.com.ar\/sitio\/wp-json\/wp\/v2\/posts\/14666\/revisions\/14668"}],"wp:featuredmedia":[{"embeddable":true,"href":"https:\/\/eldiariodesanpedro.com.ar\/sitio\/wp-json\/wp\/v2\/media\/14667"}],"wp:attachment":[{"href":"https:\/\/eldiariodesanpedro.com.ar\/sitio\/wp-json\/wp\/v2\/media?parent=14666"}],"wp:term":[{"taxonomy":"category","embeddable":true,"href":"https:\/\/eldiariodesanpedro.com.ar\/sitio\/wp-json\/wp\/v2\/categories?post=14666"},{"taxonomy":"post_tag","embeddable":true,"href":"https:\/\/eldiariodesanpedro.com.ar\/sitio\/wp-json\/wp\/v2\/tags?post=14666"}],"curies":[{"name":"wp","href":"https:\/\/api.w.org\/{rel}","templated":true}]}}