{"id":146651,"date":"2026-01-05T11:34:39","date_gmt":"2026-01-05T14:34:39","guid":{"rendered":"https:\/\/eldiariodesanpedro.com.ar\/sitio\/?p=146651"},"modified":"2026-01-05T12:03:25","modified_gmt":"2026-01-05T15:03:25","slug":"hallaron-una-bicicleta-robada-y-analizan-imagenes-para-identificar-al-autor","status":"publish","type":"post","link":"https:\/\/eldiariodesanpedro.com.ar\/sitio\/hallaron-una-bicicleta-robada-y-analizan-imagenes-para-identificar-al-autor\/","title":{"rendered":"Hallaron una bicicleta robada y analizan im\u00e1genes para identificar al autor"},"content":{"rendered":"<!-- VideographyWP Plugin Message: Automatic video embedding prevented by plugin options. -->\n\n<p>La polic\u00eda recuper\u00f3 una bicicleta sustra\u00edda horas antes y, tras el aporte de un video, investiga a un sospechoso con antecedentes penales.<\/p>\n\n\n\n<p>En <strong>horas de la noche de ayer<\/strong>, personal policial que realizaba <strong>recorridas preventivas<\/strong> hall\u00f3 una <strong>bicicleta abandonada y desarmada<\/strong> en la intersecci\u00f3n de <strong>Miguel Porta Bis y Ruffa<\/strong>. Se trata de una <strong>bicicleta playera de dama, rodado 29, color verde agua<\/strong>.<\/p>\n\n\n\n<p>En el lugar se present\u00f3 una <strong>mujer de 55 a\u00f1os<\/strong>, quien manifest\u00f3 que <strong>momentos antes le hab\u00edan sustra\u00eddo el rodado<\/strong> en la zona de <strong>Gomendio al 1500<\/strong>, donde lo hab\u00eda dejado <strong>sin medidas de seguridad en la v\u00eda p\u00fablica<\/strong>.<\/p>\n\n\n\n<p>Intervino el <strong>instructor judicial de la UFI N.\u00ba 11<\/strong>, que <strong>dispuso las diligencias de rigor y la restituci\u00f3n inmediata del rodado a la v\u00edctima<\/strong>, junto con los <strong>recaudos legales correspondientes<\/strong>.<\/p>\n\n\n\n<p>Adem\u00e1s, tras la <strong>declaraci\u00f3n testimonial<\/strong>, la damnificada <strong>aport\u00f3 una filmaci\u00f3n<\/strong> en la que <strong>se observa el momento del il\u00edcito<\/strong>, identific\u00e1ndose a un <strong>sujeto masculino con frondosos antecedentes penales<\/strong>. Por este motivo, <strong>se dio intervenci\u00f3n al GTO<\/strong>, que <strong>analiza las im\u00e1genes y contin\u00faa con las diligencias investigativas<\/strong> para avanzar en la causa.<\/p>\n\n\n\n<iframe data-src=\"https:\/\/www.facebook.com\/plugins\/video.php?height=314&#038;href=https%3A%2F%2Fwww.facebook.com%2Freel%2F1243971927590499%2F&#038;show_text=false&#038;width=560&#038;t=0\" width=\"560\" height=\"314\" style=\"border:none;overflow:hidden\" scrolling=\"no\" frameborder=\"0\" allowfullscreen=\"true\" allow=\"autoplay; clipboard-write; encrypted-media; picture-in-picture; web-share\" allowFullScreen=\"true\" src=\"data:image\/svg+xml;base64,PHN2ZyB3aWR0aD0iMSIgaGVpZ2h0PSIxIiB4bWxucz0iaHR0cDovL3d3dy53My5vcmcvMjAwMC9zdmciPjwvc3ZnPg==\" class=\"lazyload\" data-load-mode=\"1\"><\/iframe>\n\n\n\n<figure class=\"wp-block-image size-large\"><img decoding=\"async\" width=\"1024\" height=\"461\" data-attachment-id=\"146653\" data-permalink=\"https:\/\/eldiariodesanpedro.com.ar\/sitio\/hallaron-una-bicicleta-robada-y-analizan-imagenes-para-identificar-al-autor\/1-376\/\" data-orig-file=\"https:\/\/eldiariodesanpedro.com.ar\/sitio\/wp-content\/uploads\/2026\/01\/1-1.jpg\" data-orig-size=\"1200,540\" data-comments-opened=\"0\" data-image-meta=\"{&quot;aperture&quot;:&quot;0&quot;,&quot;credit&quot;:&quot;&quot;,&quot;camera&quot;:&quot;&quot;,&quot;caption&quot;:&quot;&quot;,&quot;created_timestamp&quot;:&quot;0&quot;,&quot;copyright&quot;:&quot;&quot;,&quot;focal_length&quot;:&quot;0&quot;,&quot;iso&quot;:&quot;0&quot;,&quot;shutter_speed&quot;:&quot;0&quot;,&quot;title&quot;:&quot;&quot;,&quot;orientation&quot;:&quot;0&quot;}\" data-image-title=\"1\" data-image-description=\"\" data-image-caption=\"\" data-large-file=\"https:\/\/eldiariodesanpedro.com.ar\/sitio\/wp-content\/uploads\/2026\/01\/1-1-1024x461.jpg\" data-src=\"https:\/\/eldiariodesanpedro.com.ar\/sitio\/wp-content\/uploads\/2026\/01\/1-1-1024x461.jpg\" alt=\"\" class=\"wp-image-146653 lazyload\" data-srcset=\"https:\/\/eldiariodesanpedro.com.ar\/sitio\/wp-content\/uploads\/2026\/01\/1-1-1024x461.jpg 1024w, https:\/\/eldiariodesanpedro.com.ar\/sitio\/wp-content\/uploads\/2026\/01\/1-1-300x135.jpg 300w, https:\/\/eldiariodesanpedro.com.ar\/sitio\/wp-content\/uploads\/2026\/01\/1-1-768x346.jpg 768w, https:\/\/eldiariodesanpedro.com.ar\/sitio\/wp-content\/uploads\/2026\/01\/1-1.jpg 1200w\" data-sizes=\"(max-width: 1024px) 100vw, 1024px\" src=\"data:image\/svg+xml;base64,PHN2ZyB3aWR0aD0iMSIgaGVpZ2h0PSIxIiB4bWxucz0iaHR0cDovL3d3dy53My5vcmcvMjAwMC9zdmciPjwvc3ZnPg==\" style=\"--smush-placeholder-width: 1024px; --smush-placeholder-aspect-ratio: 1024\/461;\" \/><\/figure>\n","protected":false},"excerpt":{"rendered":"<p>La polic\u00eda recuper\u00f3 una bicicleta sustra\u00edda horas antes y, tras el aporte de un video, investiga a un sospechoso con antecedentes penales. En horas de la noche de ayer, personal policial que realizaba recorridas preventivas hall\u00f3 una bicicleta abandonada y desarmada en la intersecci\u00f3n de Miguel Porta Bis y Ruffa. Se trata de una bicicleta [&hellip;]<\/p>\n","protected":false},"author":4,"featured_media":146652,"comment_status":"closed","ping_status":"closed","sticky":false,"template":"","format":"standard","meta":{"om_disable_all_campaigns":false,"_jetpack_memberships_contains_paid_content":false,"footnotes":""},"categories":[2,103],"tags":[8101,4118,8100,8102,5214,3969,3952],"class_list":["post-146651","post","type-post","status-publish","format-standard","has-post-thumbnail","hentry","category-locales","category-policiales-locales","tag-bicicleta-robada-recuperada","tag-gto","tag-hallazgo-de-bicicleta","tag-imagenes-de-seguridad","tag-investigacion-policial","tag-robo-de-bicicleta","tag-ufi-11-2"],"aioseo_notices":[],"gutentor_comment":0,"jetpack_featured_media_url":"https:\/\/eldiariodesanpedro.com.ar\/sitio\/wp-content\/uploads\/2026\/01\/Robo.jpg","jetpack_shortlink":"https:\/\/wp.me\/p6RhLt-C9l","jetpack_sharing_enabled":true,"_links":{"self":[{"href":"https:\/\/eldiariodesanpedro.com.ar\/sitio\/wp-json\/wp\/v2\/posts\/146651","targetHints":{"allow":["GET"]}}],"collection":[{"href":"https:\/\/eldiariodesanpedro.com.ar\/sitio\/wp-json\/wp\/v2\/posts"}],"about":[{"href":"https:\/\/eldiariodesanpedro.com.ar\/sitio\/wp-json\/wp\/v2\/types\/post"}],"author":[{"embeddable":true,"href":"https:\/\/eldiariodesanpedro.com.ar\/sitio\/wp-json\/wp\/v2\/users\/4"}],"replies":[{"embeddable":true,"href":"https:\/\/eldiariodesanpedro.com.ar\/sitio\/wp-json\/wp\/v2\/comments?post=146651"}],"version-history":[{"count":2,"href":"https:\/\/eldiariodesanpedro.com.ar\/sitio\/wp-json\/wp\/v2\/posts\/146651\/revisions"}],"predecessor-version":[{"id":146658,"href":"https:\/\/eldiariodesanpedro.com.ar\/sitio\/wp-json\/wp\/v2\/posts\/146651\/revisions\/146658"}],"wp:featuredmedia":[{"embeddable":true,"href":"https:\/\/eldiariodesanpedro.com.ar\/sitio\/wp-json\/wp\/v2\/media\/146652"}],"wp:attachment":[{"href":"https:\/\/eldiariodesanpedro.com.ar\/sitio\/wp-json\/wp\/v2\/media?parent=146651"}],"wp:term":[{"taxonomy":"category","embeddable":true,"href":"https:\/\/eldiariodesanpedro.com.ar\/sitio\/wp-json\/wp\/v2\/categories?post=146651"},{"taxonomy":"post_tag","embeddable":true,"href":"https:\/\/eldiariodesanpedro.com.ar\/sitio\/wp-json\/wp\/v2\/tags?post=146651"}],"curies":[{"name":"wp","href":"https:\/\/api.w.org\/{rel}","templated":true}]}}