{"id":14660,"date":"2017-02-14T18:03:37","date_gmt":"2017-02-14T21:03:37","guid":{"rendered":"https:\/\/eldiariodesanpedro.com.ar\/sitio\/?p=14660"},"modified":"2017-02-14T18:03:37","modified_gmt":"2017-02-14T21:03:37","slug":"relevamiento-reprogramado","status":"publish","type":"post","link":"https:\/\/eldiariodesanpedro.com.ar\/sitio\/relevamiento-reprogramado\/","title":{"rendered":"Relevamiento reprogramado"},"content":{"rendered":"<p><!-- VideographyWP Plugin Message: Automatic video embedding prevented by plugin options. --><br \/>\nSi el clima lo permite, los d\u00edas 21 y 22 de febrero la Direcci\u00f3n de Comisiones de Fomento y la Oficina de Escrituraci\u00f3n cumplir\u00e1n con el relevamiento programado para los barrios 150 viviendas; 49 viviendas; San Francisco; Barrio 291 viviendas.<\/p>\n<p>Es importante remarcar que al momento de la visita de los municipales es necesario que los vecinos cuenten con fotocopias de los D.N.I del grupo familiar, de partidas de nacimiento, certificados de matrimonio, sentencia de divorcio y boleta de servicio domiciliario.<\/p>\n","protected":false},"excerpt":{"rendered":"<p>Si el clima lo permite, los d\u00edas 21 y 22 de febrero la Direcci\u00f3n de Comisiones de Fomento y la Oficina de Escrituraci\u00f3n cumplir\u00e1n con el relevamiento programado para los barrios 150 viviendas; 49 viviendas; San Francisco; Barrio 291 viviendas. Es importante remarcar que al momento de la visita de los municipales es necesario que [&hellip;]<\/p>\n","protected":false},"author":4,"featured_media":14661,"comment_status":"open","ping_status":"closed","sticky":false,"template":"","format":"standard","meta":{"om_disable_all_campaigns":false,"_jetpack_memberships_contains_paid_content":false,"footnotes":""},"categories":[101,2],"tags":[],"class_list":["post-14660","post","type-post","status-publish","format-standard","has-post-thumbnail","hentry","category-interes-general-locales","category-locales"],"aioseo_notices":[],"gutentor_comment":0,"jetpack_featured_media_url":"https:\/\/eldiariodesanpedro.com.ar\/sitio\/wp-content\/uploads\/2017\/02\/Relevamiento47.jpg","jetpack_shortlink":"https:\/\/wp.me\/p6RhLt-3Os","jetpack_sharing_enabled":true,"_links":{"self":[{"href":"https:\/\/eldiariodesanpedro.com.ar\/sitio\/wp-json\/wp\/v2\/posts\/14660","targetHints":{"allow":["GET"]}}],"collection":[{"href":"https:\/\/eldiariodesanpedro.com.ar\/sitio\/wp-json\/wp\/v2\/posts"}],"about":[{"href":"https:\/\/eldiariodesanpedro.com.ar\/sitio\/wp-json\/wp\/v2\/types\/post"}],"author":[{"embeddable":true,"href":"https:\/\/eldiariodesanpedro.com.ar\/sitio\/wp-json\/wp\/v2\/users\/4"}],"replies":[{"embeddable":true,"href":"https:\/\/eldiariodesanpedro.com.ar\/sitio\/wp-json\/wp\/v2\/comments?post=14660"}],"version-history":[{"count":1,"href":"https:\/\/eldiariodesanpedro.com.ar\/sitio\/wp-json\/wp\/v2\/posts\/14660\/revisions"}],"predecessor-version":[{"id":14662,"href":"https:\/\/eldiariodesanpedro.com.ar\/sitio\/wp-json\/wp\/v2\/posts\/14660\/revisions\/14662"}],"wp:featuredmedia":[{"embeddable":true,"href":"https:\/\/eldiariodesanpedro.com.ar\/sitio\/wp-json\/wp\/v2\/media\/14661"}],"wp:attachment":[{"href":"https:\/\/eldiariodesanpedro.com.ar\/sitio\/wp-json\/wp\/v2\/media?parent=14660"}],"wp:term":[{"taxonomy":"category","embeddable":true,"href":"https:\/\/eldiariodesanpedro.com.ar\/sitio\/wp-json\/wp\/v2\/categories?post=14660"},{"taxonomy":"post_tag","embeddable":true,"href":"https:\/\/eldiariodesanpedro.com.ar\/sitio\/wp-json\/wp\/v2\/tags?post=14660"}],"curies":[{"name":"wp","href":"https:\/\/api.w.org\/{rel}","templated":true}]}}