{"id":146581,"date":"2025-12-30T12:28:35","date_gmt":"2025-12-30T15:28:35","guid":{"rendered":"https:\/\/eldiariodesanpedro.com.ar\/sitio\/?p=146581"},"modified":"2025-12-30T12:28:40","modified_gmt":"2025-12-30T15:28:40","slug":"un-camion-arrastro-cables-y-provoco-la-caida-de-cinco-postes-de-telefonia-en-calle-salta","status":"publish","type":"post","link":"https:\/\/eldiariodesanpedro.com.ar\/sitio\/un-camion-arrastro-cables-y-provoco-la-caida-de-cinco-postes-de-telefonia-en-calle-salta\/","title":{"rendered":"Un cami\u00f3n arrastr\u00f3 cables y provoc\u00f3 la ca\u00edda de cinco postes de telefon\u00eda en calle Salta"},"content":{"rendered":"<!-- VideographyWP Plugin Message: Automatic video embedding prevented by plugin options. -->\n\n<p>Un cami\u00f3n de gran porte enganch\u00f3 cables a la altura de Col\u00f3n y caus\u00f3 importantes da\u00f1os en postes y servicios, con cortes de tr\u00e1nsito y trabajos de emergencia.<\/p>\n\n\n\n<p>Un <strong>cami\u00f3n de gran porte<\/strong> protagoniz\u00f3 un <strong>importante incidente vial<\/strong> durante la ma\u00f1ana de este mi\u00e9rcoles al <strong>arrastrar cables y quebrar al menos cinco postes de telefon\u00eda<\/strong> en <strong>calle Salta<\/strong>. El hecho gener\u00f3 <strong>riesgo para peatones y veh\u00edculos<\/strong>, adem\u00e1s de <strong>interrupciones en el tr\u00e1nsito y en servicios de comunicaci\u00f3n<\/strong>.<\/p>\n\n\n\n<p>Seg\u00fan se inform\u00f3, el veh\u00edculo involucrado fue un <strong>Iveco rojo<\/strong>, dedicado al <strong>transporte de productos alimenticios<\/strong>, que <strong>enganch\u00f3 el primer cable a la altura de calle Col\u00f3n<\/strong> y continu\u00f3 su marcha <strong>durante aproximadamente dos cuadras<\/strong>, hasta llegar a la avenida.<\/p>\n\n\n\n<p>Como consecuencia, <strong>cinco postes de madera quedaron inclinados o directamente quebrados<\/strong>. Algunos <strong>cayeron sobre la calzada<\/strong>, otros <strong>quedaron sostenidos por los cables<\/strong>, y <strong>uno estuvo a punto de impactar contra el ventanal de un edificio recientemente construido<\/strong> en las inmediaciones de <strong>Salta y la avenida<\/strong>.<\/p>\n\n\n\n<p>Los <strong>postes y cables afectados pertenecen a Telecom, Personal, Claro, Gigared y COOPSER<\/strong>, lo que provoc\u00f3 <strong>interrupciones parciales en los servicios<\/strong>. <strong>Personal t\u00e9cnico de las empresas de telefon\u00eda e internet<\/strong> trabaj\u00f3 en el lugar para normalizar la situaci\u00f3n.<\/p>\n\n\n\n<p>La <strong>Direcci\u00f3n de Tr\u00e1nsito<\/strong> dispuso <strong>cortes preventivos<\/strong> en <strong>3 de Febrero y Pellegrini<\/strong>, <strong>3 de Febrero y Rivadavia<\/strong>, y <strong>Salta y Honorio Pueyrred\u00f3n<\/strong>. Con el correr de los minutos, <strong>el tr\u00e1nsito fue restituido en la avenida<\/strong>, mientras continuaban las tareas de reparaci\u00f3n.<\/p>\n\n\n\n<div class=\"wp-block-jetpack-slideshow aligncenter\" data-effect=\"slide\" style=\"--aspect-ratio:calc(1024 \/ 576)\"><div class=\"wp-block-jetpack-slideshow_container swiper\"><ul class=\"wp-block-jetpack-slideshow_swiper-wrapper swiper-wrapper\"><li class=\"wp-block-jetpack-slideshow_slide swiper-slide\"><figure><img decoding=\"async\" width=\"1024\" height=\"576\" alt=\"\" class=\"wp-block-jetpack-slideshow_image wp-image-146584 lazyload\" data-id=\"146584\" data-aspect-ratio=\"1024 \/ 576\" data-src=\"https:\/\/eldiariodesanpedro.com.ar\/sitio\/wp-content\/uploads\/2025\/12\/WhatsApp-Image-2025-12-30-at-10.01.01-1-1024x576.jpeg\" data-srcset=\"https:\/\/eldiariodesanpedro.com.ar\/sitio\/wp-content\/uploads\/2025\/12\/WhatsApp-Image-2025-12-30-at-10.01.01-1-1024x576.jpeg 1024w, https:\/\/eldiariodesanpedro.com.ar\/sitio\/wp-content\/uploads\/2025\/12\/WhatsApp-Image-2025-12-30-at-10.01.01-1-300x169.jpeg 300w, https:\/\/eldiariodesanpedro.com.ar\/sitio\/wp-content\/uploads\/2025\/12\/WhatsApp-Image-2025-12-30-at-10.01.01-1-768x432.jpeg 768w, https:\/\/eldiariodesanpedro.com.ar\/sitio\/wp-content\/uploads\/2025\/12\/WhatsApp-Image-2025-12-30-at-10.01.01-1.jpeg 1120w\" data-sizes=\"(max-width: 1024px) 100vw, 1024px\" src=\"data:image\/svg+xml;base64,PHN2ZyB3aWR0aD0iMSIgaGVpZ2h0PSIxIiB4bWxucz0iaHR0cDovL3d3dy53My5vcmcvMjAwMC9zdmciPjwvc3ZnPg==\" style=\"--smush-placeholder-width: 1024px; --smush-placeholder-aspect-ratio: 1024\/576;\" \/><\/figure><\/li><li class=\"wp-block-jetpack-slideshow_slide swiper-slide\"><figure><img decoding=\"async\" width=\"473\" height=\"630\" alt=\"\" class=\"wp-block-jetpack-slideshow_image wp-image-146583 lazyload\" data-id=\"146583\" data-aspect-ratio=\"473 \/ 630\" data-src=\"https:\/\/eldiariodesanpedro.com.ar\/sitio\/wp-content\/uploads\/2025\/12\/WhatsApp-Image-2025-12-30-at-10.41.34-1.jpeg\" data-srcset=\"https:\/\/eldiariodesanpedro.com.ar\/sitio\/wp-content\/uploads\/2025\/12\/WhatsApp-Image-2025-12-30-at-10.41.34-1.jpeg 473w, https:\/\/eldiariodesanpedro.com.ar\/sitio\/wp-content\/uploads\/2025\/12\/WhatsApp-Image-2025-12-30-at-10.41.34-1-225x300.jpeg 225w\" data-sizes=\"(max-width: 473px) 100vw, 473px\" src=\"data:image\/svg+xml;base64,PHN2ZyB3aWR0aD0iMSIgaGVpZ2h0PSIxIiB4bWxucz0iaHR0cDovL3d3dy53My5vcmcvMjAwMC9zdmciPjwvc3ZnPg==\" style=\"--smush-placeholder-width: 473px; --smush-placeholder-aspect-ratio: 473\/630;\" \/><\/figure><\/li><\/ul><a class=\"wp-block-jetpack-slideshow_button-prev swiper-button-prev swiper-button-white\" role=\"button\"><\/a><a class=\"wp-block-jetpack-slideshow_button-next swiper-button-next swiper-button-white\" role=\"button\"><\/a><a aria-label=\"Pause Slideshow\" class=\"wp-block-jetpack-slideshow_button-pause\" role=\"button\"><\/a><div class=\"wp-block-jetpack-slideshow_pagination swiper-pagination swiper-pagination-white\"><\/div><\/div><\/div>\n","protected":false},"excerpt":{"rendered":"<p>Un cami\u00f3n de gran porte enganch\u00f3 cables a la altura de Col\u00f3n y caus\u00f3 importantes da\u00f1os en postes y servicios, con cortes de tr\u00e1nsito y trabajos de emergencia. Un cami\u00f3n de gran porte protagoniz\u00f3 un importante incidente vial durante la ma\u00f1ana de este mi\u00e9rcoles al arrastrar cables y quebrar al menos cinco postes de telefon\u00eda [&hellip;]<\/p>\n","protected":false},"author":4,"featured_media":146582,"comment_status":"closed","ping_status":"closed","sticky":false,"template":"","format":"standard","meta":{"om_disable_all_campaigns":false,"_jetpack_memberships_contains_paid_content":false,"footnotes":""},"categories":[50,101,2],"tags":[8047,8048,8045,8044,8050,8051,8046,8049],"class_list":["post-146581","post","type-post","status-publish","format-standard","has-post-thumbnail","hentry","category-destacadas","category-interes-general-locales","category-locales","tag-accidente-con-camion","tag-cables-caidos","tag-calle-salta","tag-camion-arrastro-cables","tag-cortes-de-transito","tag-danos-en-la-via-publica","tag-postes-de-telefonia","tag-telecom-personal-claro-gigared-coopser"],"aioseo_notices":[],"gutentor_comment":0,"jetpack_featured_media_url":"https:\/\/eldiariodesanpedro.com.ar\/sitio\/wp-content\/uploads\/2025\/12\/WhatsApp-Image-2025-12-30-at-10.01.01.jpeg","jetpack_shortlink":"https:\/\/wp.me\/p6RhLt-C8d","jetpack_sharing_enabled":true,"_links":{"self":[{"href":"https:\/\/eldiariodesanpedro.com.ar\/sitio\/wp-json\/wp\/v2\/posts\/146581","targetHints":{"allow":["GET"]}}],"collection":[{"href":"https:\/\/eldiariodesanpedro.com.ar\/sitio\/wp-json\/wp\/v2\/posts"}],"about":[{"href":"https:\/\/eldiariodesanpedro.com.ar\/sitio\/wp-json\/wp\/v2\/types\/post"}],"author":[{"embeddable":true,"href":"https:\/\/eldiariodesanpedro.com.ar\/sitio\/wp-json\/wp\/v2\/users\/4"}],"replies":[{"embeddable":true,"href":"https:\/\/eldiariodesanpedro.com.ar\/sitio\/wp-json\/wp\/v2\/comments?post=146581"}],"version-history":[{"count":1,"href":"https:\/\/eldiariodesanpedro.com.ar\/sitio\/wp-json\/wp\/v2\/posts\/146581\/revisions"}],"predecessor-version":[{"id":146585,"href":"https:\/\/eldiariodesanpedro.com.ar\/sitio\/wp-json\/wp\/v2\/posts\/146581\/revisions\/146585"}],"wp:featuredmedia":[{"embeddable":true,"href":"https:\/\/eldiariodesanpedro.com.ar\/sitio\/wp-json\/wp\/v2\/media\/146582"}],"wp:attachment":[{"href":"https:\/\/eldiariodesanpedro.com.ar\/sitio\/wp-json\/wp\/v2\/media?parent=146581"}],"wp:term":[{"taxonomy":"category","embeddable":true,"href":"https:\/\/eldiariodesanpedro.com.ar\/sitio\/wp-json\/wp\/v2\/categories?post=146581"},{"taxonomy":"post_tag","embeddable":true,"href":"https:\/\/eldiariodesanpedro.com.ar\/sitio\/wp-json\/wp\/v2\/tags?post=146581"}],"curies":[{"name":"wp","href":"https:\/\/api.w.org\/{rel}","templated":true}]}}