{"id":14657,"date":"2017-02-14T17:52:24","date_gmt":"2017-02-14T20:52:24","guid":{"rendered":"https:\/\/eldiariodesanpedro.com.ar\/sitio\/?p=14657"},"modified":"2017-02-14T17:52:24","modified_gmt":"2017-02-14T20:52:24","slug":"salazar-participo-junto-a-macri-y-vidal-del-foro-de-intendentes-de-cambiemos","status":"publish","type":"post","link":"https:\/\/eldiariodesanpedro.com.ar\/sitio\/salazar-participo-junto-a-macri-y-vidal-del-foro-de-intendentes-de-cambiemos\/","title":{"rendered":"Salazar particip\u00f3 junto a Macri y Vidal del foro de intendentes de \u00abCambiemos\u00bb"},"content":{"rendered":"<p><!-- VideographyWP Plugin Message: Automatic video embedding prevented by plugin options. --><br \/>\nMauricio Macri abri\u00f3 el encuentro -en el tramo cerrado a la prensa- refiri\u00e9ndose a las elecciones, donde expres\u00f3: \u00abSi damos la batalla por el cambio, la gente nos va a seguir acompa\u00f1ando\u00bb. Y destac\u00f3 la importancia de que los jefes comunales trabajen para \u00abreducir el d\u00e9ficit fiscal y transformarlo en super\u00e1vit para la inversi\u00f3n\u00bb.<br \/>\nMacri agreg\u00f3 que a partir del ordenamiento fiscal \u00aben el mediano plazo\u00bb los municipios \u00abtienen que tener capacidad propia para resolver los problemas de su comunidad\u00bb. \u00abEs un camino de mucha batalla, que no es lindo, porque aquellos que afect\u00e1s te rodean la oficina y el municipio y te vuelven loco\u00bb, dijo.<br \/>\n\u00abY los que te votaron est\u00e1n laburando porque tienen que llegar a fin de mes y no te pueden estar ayudando todos los d\u00edas\u00bb, agreg\u00f3.<br \/>\n\u00abYa te votaron y te dijeron &#8216;bueno, te vot\u00e9 porque pens\u00e9 que ten\u00edas lo que hay que poner sobre la mesa para arreglar este tema, no me vengas a llorar, hacete cargo y da la batalla'\u00bb, subray\u00f3 el Presidente.<br \/>\n\u00abLo peor que nos puede pasar es perder el apoyo de la gente porque no dimos la batalla del cambio que hab\u00edamos comprometido. Eso es lo que no nos van a perdonar\u00bb, afirm\u00f3.<br \/>\nDurante el encuentro tambi\u00e9n expusieron el secretario de Vivienda y H\u00e1bitat de la Naci\u00f3n, Domingo Amaya; el subsecretario Vivienda y Desarrollo Urbano, Iv\u00e1n Keer; el ministro de Infraestructura y Servicios P\u00fablicos de la Provincia, Roberto Gigante, y el administrador general del Instituto de la Vivienda bonaerense, Evert Van Tooren.<\/p>\n<p>Qui\u00e9nes participaron de la reuni\u00f3n<\/p>\n<p>Participaron los intendentes Sebast\u00ed\u00e1n Abella (Campana); V\u00edctor Aiola (Chacabuco); Fernanda Antonijevic (Baradero); Carlos Arroyo (General Pueyrred\u00f3n); Mariano Barroso (Nueve de Julio); Alejandro Vieyra, secretario de Gobierno (Azul); Carlos Berterret (Coronel Pringles); Sergio Bordoni (Tornquist); Eduardo Campana (General Villegas); Ram\u00f3n Canosa (Las Flores); Facundo Castelli (Puan); Alejandro Celillo (General Alvear); Osvaldo Dinapoli (General Belgrano); Nicol\u00e1s Ducote (Pilar); Jorge Etcheverry (Lobos); Alejandro Federico (Suipacha); Miguel Fern\u00e1ndez (Trenque Lauquen); Juan Fioramonti (Lober\u00eda); Franco Flexas (General Viamonte); Miguel Gargaglione (San Cayetano); Julio Garro (La Plata); H\u00e9ctor Gatica (Bragado); H\u00e9ctor Gay (Bah\u00eda Blanca); Mauricio G\u00f3mez (San Vicente); Arnaldo Harispe (Lezama); Jorge Hern\u00e1ndez (Salliquel\u00f3); David Hirtz (Adolfo Alsina); Dar\u00edo Kubar (General Rodr\u00edguez); (General Guido); Jorge Macri (Vicente L\u00f3pez); Javier Mart\u00ednez (Pergamino); Jaime M\u00e9ndez (San Miguel); Martiniano Molina (Quilmes); Jorge Nedela (Berisso); Javier Olaeta (Arrecifes); Guillermo Pacheco (Pellegrini); Gonzalo Peluso (Magdalena); Pablo Petrecca (Jun\u00edn); Gustavo Posse (San Isidro); Esteban Reino (Balcarce); \u00c9rica Revilla (General Arenales); Ra\u00fal Reyes (Coronel Dorrego); Javier Reynoso (Rivadavia); Jos\u00e9 Rodr\u00edguez Ponte (General Lavalle); Carlos Ronda (Mar Chiquita); Ra\u00fal Sala (Carlos Tejedor); Jos\u00e9 Luis Salom\u00f3n (Saladillo); Salvador Serenal (Lincoln); Maximiliano Seuscun (Rauch); Ramiro Tagliaferro (Mor\u00f3n); Mariano Uset (Coronel Rosales); Diego Valenzuela (Tres de Febrero); Mart\u00edn Yeza (Pinamar); Cecilio Zalazar (San Pedro); Jos\u00e9 Zara (Patagones), Pablo Zubiaurre (Ayacucho); Ezequiel Galli (Olavarr\u00eda); Roberto Palacio (Coronel Su\u00e1rez) y Claudio Rossi (Rojas).<br \/>\nAdem\u00e1s, estuvieron el secretario de Seguridad de la Naci\u00f3n, Eugenio Burzaco; el subsecretario de Gobierno y Asuntos Municipales bonaerense, Alex Campbell, el diputado nacional Waldo Wolff y los legisladores provinciales Mauricio Viviani, C\u00e9sar Torres y Laura Rissini.<\/p>\n","protected":false},"excerpt":{"rendered":"<p>Mauricio Macri abri\u00f3 el encuentro -en el tramo cerrado a la prensa- refiri\u00e9ndose a las elecciones, donde expres\u00f3: \u00abSi damos la batalla por el cambio, la gente nos va a seguir acompa\u00f1ando\u00bb. Y destac\u00f3 la importancia de que los jefes comunales trabajen para \u00abreducir el d\u00e9ficit fiscal y transformarlo en super\u00e1vit para la inversi\u00f3n\u00bb. Macri [&hellip;]<\/p>\n","protected":false},"author":4,"featured_media":14658,"comment_status":"open","ping_status":"closed","sticky":false,"template":"","format":"standard","meta":{"om_disable_all_campaigns":false,"_jetpack_memberships_contains_paid_content":false,"footnotes":""},"categories":[50,2,102],"tags":[],"class_list":["post-14657","post","type-post","status-publish","format-standard","has-post-thumbnail","hentry","category-destacadas","category-locales","category-politica-locales"],"aioseo_notices":[],"gutentor_comment":0,"jetpack_featured_media_url":"https:\/\/eldiariodesanpedro.com.ar\/sitio\/wp-content\/uploads\/2017\/02\/PAGINA-4.jpg","jetpack_shortlink":"https:\/\/wp.me\/p6RhLt-3Op","jetpack_sharing_enabled":true,"_links":{"self":[{"href":"https:\/\/eldiariodesanpedro.com.ar\/sitio\/wp-json\/wp\/v2\/posts\/14657","targetHints":{"allow":["GET"]}}],"collection":[{"href":"https:\/\/eldiariodesanpedro.com.ar\/sitio\/wp-json\/wp\/v2\/posts"}],"about":[{"href":"https:\/\/eldiariodesanpedro.com.ar\/sitio\/wp-json\/wp\/v2\/types\/post"}],"author":[{"embeddable":true,"href":"https:\/\/eldiariodesanpedro.com.ar\/sitio\/wp-json\/wp\/v2\/users\/4"}],"replies":[{"embeddable":true,"href":"https:\/\/eldiariodesanpedro.com.ar\/sitio\/wp-json\/wp\/v2\/comments?post=14657"}],"version-history":[{"count":1,"href":"https:\/\/eldiariodesanpedro.com.ar\/sitio\/wp-json\/wp\/v2\/posts\/14657\/revisions"}],"predecessor-version":[{"id":14659,"href":"https:\/\/eldiariodesanpedro.com.ar\/sitio\/wp-json\/wp\/v2\/posts\/14657\/revisions\/14659"}],"wp:featuredmedia":[{"embeddable":true,"href":"https:\/\/eldiariodesanpedro.com.ar\/sitio\/wp-json\/wp\/v2\/media\/14658"}],"wp:attachment":[{"href":"https:\/\/eldiariodesanpedro.com.ar\/sitio\/wp-json\/wp\/v2\/media?parent=14657"}],"wp:term":[{"taxonomy":"category","embeddable":true,"href":"https:\/\/eldiariodesanpedro.com.ar\/sitio\/wp-json\/wp\/v2\/categories?post=14657"},{"taxonomy":"post_tag","embeddable":true,"href":"https:\/\/eldiariodesanpedro.com.ar\/sitio\/wp-json\/wp\/v2\/tags?post=14657"}],"curies":[{"name":"wp","href":"https:\/\/api.w.org\/{rel}","templated":true}]}}