{"id":146556,"date":"2025-12-29T16:31:37","date_gmt":"2025-12-29T19:31:37","guid":{"rendered":"https:\/\/eldiariodesanpedro.com.ar\/sitio\/colision-entre-motocicleta-y-automovil-en-gomendio-y-pavon\/"},"modified":"2025-12-29T17:10:17","modified_gmt":"2025-12-29T20:10:17","slug":"colision-entre-motocicleta-y-automovil-en-gomendio-y-pavon","status":"publish","type":"post","link":"https:\/\/eldiariodesanpedro.com.ar\/sitio\/colision-entre-motocicleta-y-automovil-en-gomendio-y-pavon\/","title":{"rendered":"Colisi\u00f3n entre motocicleta y autom\u00f3vil en Gomendio y Pav\u00f3n"},"content":{"rendered":"<!-- VideographyWP Plugin Message: Automatic video embedding prevented by plugin options. -->\n<p data-start=\"84\" data-end=\"237\">Un joven motociclista fue asistido por el SAME tras un choque con un Fiat Cronos. El uso del casco fue clave para evitar lesiones m\u00e1s graves.<\/p>\n<p data-start=\"239\" data-end=\"557\">En la tarde de hoy, <strong data-start=\"259\" data-end=\"288\">alrededor de las 16 horas<\/strong>, se produjo <strong data-start=\"301\" data-end=\"363\">un accidente de tr\u00e1nsito en la esquina de Pav\u00f3n y Gomendio<\/strong>, donde por <strong data-start=\"375\" data-end=\"408\">motivos que a\u00fan se investigan<\/strong> colisionaron <strong data-start=\"422\" data-end=\"447\">una motocicleta Honda<\/strong>, conducida por <strong data-start=\"463\" data-end=\"475\">un joven<\/strong>, y <strong data-start=\"479\" data-end=\"521\">un autom\u00f3vil Fiat Cronos de color gris<\/strong>, en el que circulaba <strong data-start=\"543\" data-end=\"556\">una mujer<\/strong>.<\/p>\n<p data-start=\"559\" data-end=\"777\">Como consecuencia del impacto, <strong data-start=\"590\" data-end=\"652\">el motociclista fue trasladado por una ambulancia del SAME<\/strong> para su evaluaci\u00f3n m\u00e9dica, ya que presentaba <strong data-start=\"698\" data-end=\"776\">dolores abdominales, traumatismo de t\u00f3rax y escoriaciones de car\u00e1cter leve<\/strong>.<\/p>\n<p data-start=\"779\" data-end=\"1094\">Desde el lugar se destac\u00f3 que <strong data-start=\"809\" data-end=\"844\">el joven llevaba casco colocado<\/strong>, lo que result\u00f3 determinante, dado que <strong data-start=\"884\" data-end=\"940\">su cabeza impact\u00f3 contra el parabrisas del autom\u00f3vil<\/strong>. Este elemento de seguridad <strong data-start=\"969\" data-end=\"1034\">evit\u00f3 que el siniestro tuviera consecuencias mucho m\u00e1s graves<\/strong>, y permiti\u00f3 que las lesiones no revistieran mayor gravedad.<\/p>\n<p data-start=\"1096\" data-end=\"1182\">Las autoridades contin\u00faan trabajando para <strong data-start=\"1138\" data-end=\"1181\">establecer las circunstancias del hecho<\/strong>.<\/p>\n<p data-start=\"1096\" data-end=\"1182\">\u00a0<\/p>\n<p data-start=\"1096\" data-end=\"1182\">\u00a0<\/p>\n\n\n<div class=\"wp-block-jetpack-slideshow aligncenter\" data-effect=\"slide\" style=\"--aspect-ratio:calc(1024 \/ 576)\"><div class=\"wp-block-jetpack-slideshow_container swiper\"><ul class=\"wp-block-jetpack-slideshow_swiper-wrapper swiper-wrapper\"><li class=\"wp-block-jetpack-slideshow_slide swiper-slide\"><figure><img decoding=\"async\" width=\"1024\" height=\"576\" alt=\"\" class=\"wp-block-jetpack-slideshow_image wp-image-146561 lazyload\" data-id=\"146561\" data-aspect-ratio=\"1024 \/ 576\" data-src=\"https:\/\/eldiariodesanpedro.com.ar\/sitio\/wp-content\/uploads\/2025\/12\/WhatsApp-Image-2025-12-29-at-17.02.49-1024x576.jpeg\" data-srcset=\"https:\/\/eldiariodesanpedro.com.ar\/sitio\/wp-content\/uploads\/2025\/12\/WhatsApp-Image-2025-12-29-at-17.02.49-1024x576.jpeg 1024w, https:\/\/eldiariodesanpedro.com.ar\/sitio\/wp-content\/uploads\/2025\/12\/WhatsApp-Image-2025-12-29-at-17.02.49-300x169.jpeg 300w, https:\/\/eldiariodesanpedro.com.ar\/sitio\/wp-content\/uploads\/2025\/12\/WhatsApp-Image-2025-12-29-at-17.02.49-768x432.jpeg 768w, https:\/\/eldiariodesanpedro.com.ar\/sitio\/wp-content\/uploads\/2025\/12\/WhatsApp-Image-2025-12-29-at-17.02.49.jpeg 1120w\" data-sizes=\"(max-width: 1024px) 100vw, 1024px\" src=\"data:image\/svg+xml;base64,PHN2ZyB3aWR0aD0iMSIgaGVpZ2h0PSIxIiB4bWxucz0iaHR0cDovL3d3dy53My5vcmcvMjAwMC9zdmciPjwvc3ZnPg==\" style=\"--smush-placeholder-width: 1024px; --smush-placeholder-aspect-ratio: 1024\/576;\" \/><\/figure><\/li><li class=\"wp-block-jetpack-slideshow_slide swiper-slide\"><figure><img decoding=\"async\" width=\"1024\" height=\"576\" alt=\"\" class=\"wp-block-jetpack-slideshow_image wp-image-146559 lazyload\" data-id=\"146559\" data-aspect-ratio=\"1024 \/ 576\" data-src=\"https:\/\/eldiariodesanpedro.com.ar\/sitio\/wp-content\/uploads\/2025\/12\/WhatsApp-Image-2025-12-29-at-17.02.50-1024x576.jpeg\" data-srcset=\"https:\/\/eldiariodesanpedro.com.ar\/sitio\/wp-content\/uploads\/2025\/12\/WhatsApp-Image-2025-12-29-at-17.02.50-1024x576.jpeg 1024w, https:\/\/eldiariodesanpedro.com.ar\/sitio\/wp-content\/uploads\/2025\/12\/WhatsApp-Image-2025-12-29-at-17.02.50-300x169.jpeg 300w, https:\/\/eldiariodesanpedro.com.ar\/sitio\/wp-content\/uploads\/2025\/12\/WhatsApp-Image-2025-12-29-at-17.02.50-768x432.jpeg 768w, https:\/\/eldiariodesanpedro.com.ar\/sitio\/wp-content\/uploads\/2025\/12\/WhatsApp-Image-2025-12-29-at-17.02.50.jpeg 1120w\" data-sizes=\"(max-width: 1024px) 100vw, 1024px\" src=\"data:image\/svg+xml;base64,PHN2ZyB3aWR0aD0iMSIgaGVpZ2h0PSIxIiB4bWxucz0iaHR0cDovL3d3dy53My5vcmcvMjAwMC9zdmciPjwvc3ZnPg==\" style=\"--smush-placeholder-width: 1024px; --smush-placeholder-aspect-ratio: 1024\/576;\" \/><\/figure><\/li><li class=\"wp-block-jetpack-slideshow_slide swiper-slide\"><figure><img decoding=\"async\" width=\"1024\" height=\"576\" alt=\"\" class=\"wp-block-jetpack-slideshow_image wp-image-146560 lazyload\" data-id=\"146560\" data-aspect-ratio=\"1024 \/ 576\" data-src=\"https:\/\/eldiariodesanpedro.com.ar\/sitio\/wp-content\/uploads\/2025\/12\/WhatsApp-Image-2025-12-29-at-17.02.491-1024x576.jpeg\" data-srcset=\"https:\/\/eldiariodesanpedro.com.ar\/sitio\/wp-content\/uploads\/2025\/12\/WhatsApp-Image-2025-12-29-at-17.02.491-1024x576.jpeg 1024w, https:\/\/eldiariodesanpedro.com.ar\/sitio\/wp-content\/uploads\/2025\/12\/WhatsApp-Image-2025-12-29-at-17.02.491-300x169.jpeg 300w, https:\/\/eldiariodesanpedro.com.ar\/sitio\/wp-content\/uploads\/2025\/12\/WhatsApp-Image-2025-12-29-at-17.02.491-768x432.jpeg 768w, https:\/\/eldiariodesanpedro.com.ar\/sitio\/wp-content\/uploads\/2025\/12\/WhatsApp-Image-2025-12-29-at-17.02.491.jpeg 1120w\" data-sizes=\"(max-width: 1024px) 100vw, 1024px\" src=\"data:image\/svg+xml;base64,PHN2ZyB3aWR0aD0iMSIgaGVpZ2h0PSIxIiB4bWxucz0iaHR0cDovL3d3dy53My5vcmcvMjAwMC9zdmciPjwvc3ZnPg==\" style=\"--smush-placeholder-width: 1024px; --smush-placeholder-aspect-ratio: 1024\/576;\" \/><\/figure><\/li><\/ul><a class=\"wp-block-jetpack-slideshow_button-prev swiper-button-prev swiper-button-white\" role=\"button\"><\/a><a class=\"wp-block-jetpack-slideshow_button-next swiper-button-next swiper-button-white\" role=\"button\"><\/a><a aria-label=\"Pause Slideshow\" class=\"wp-block-jetpack-slideshow_button-pause\" role=\"button\"><\/a><div class=\"wp-block-jetpack-slideshow_pagination swiper-pagination swiper-pagination-white\"><\/div><\/div><\/div>\n","protected":false},"excerpt":{"rendered":"<p>Un joven fue hospitalizado tras un accidente de tr\u00e1nsito entre una moto y un auto en la intersecci\u00f3n de Gomendio y Pav\u00f3n.<\/p>\n","protected":false},"author":4,"featured_media":146553,"comment_status":"closed","ping_status":"closed","sticky":false,"template":"","format":"standard","meta":{"om_disable_all_campaigns":false,"_jetpack_memberships_contains_paid_content":false,"footnotes":""},"categories":[50,2,103],"tags":[3612,8039,6239,8040,1826,2761,8041],"class_list":["post-146556","post","type-post","status-publish","format-standard","has-post-thumbnail","hentry","category-destacadas","category-locales","category-policiales-locales","tag-accidente-de-transito-2","tag-choque-motocicleta-y-auto","tag-motociclista-herido","tag-pavon-y-gomendio","tag-same","tag-seguridad-vial","tag-uso-del-casco"],"aioseo_notices":[],"gutentor_comment":0,"jetpack_featured_media_url":"https:\/\/eldiariodesanpedro.com.ar\/sitio\/wp-content\/uploads\/2025\/12\/file_9.jpg","jetpack_shortlink":"https:\/\/wp.me\/p6RhLt-C7O","jetpack_sharing_enabled":true,"_links":{"self":[{"href":"https:\/\/eldiariodesanpedro.com.ar\/sitio\/wp-json\/wp\/v2\/posts\/146556","targetHints":{"allow":["GET"]}}],"collection":[{"href":"https:\/\/eldiariodesanpedro.com.ar\/sitio\/wp-json\/wp\/v2\/posts"}],"about":[{"href":"https:\/\/eldiariodesanpedro.com.ar\/sitio\/wp-json\/wp\/v2\/types\/post"}],"author":[{"embeddable":true,"href":"https:\/\/eldiariodesanpedro.com.ar\/sitio\/wp-json\/wp\/v2\/users\/4"}],"replies":[{"embeddable":true,"href":"https:\/\/eldiariodesanpedro.com.ar\/sitio\/wp-json\/wp\/v2\/comments?post=146556"}],"version-history":[{"count":3,"href":"https:\/\/eldiariodesanpedro.com.ar\/sitio\/wp-json\/wp\/v2\/posts\/146556\/revisions"}],"predecessor-version":[{"id":146565,"href":"https:\/\/eldiariodesanpedro.com.ar\/sitio\/wp-json\/wp\/v2\/posts\/146556\/revisions\/146565"}],"wp:featuredmedia":[{"embeddable":true,"href":"https:\/\/eldiariodesanpedro.com.ar\/sitio\/wp-json\/wp\/v2\/media\/146553"}],"wp:attachment":[{"href":"https:\/\/eldiariodesanpedro.com.ar\/sitio\/wp-json\/wp\/v2\/media?parent=146556"}],"wp:term":[{"taxonomy":"category","embeddable":true,"href":"https:\/\/eldiariodesanpedro.com.ar\/sitio\/wp-json\/wp\/v2\/categories?post=146556"},{"taxonomy":"post_tag","embeddable":true,"href":"https:\/\/eldiariodesanpedro.com.ar\/sitio\/wp-json\/wp\/v2\/tags?post=146556"}],"curies":[{"name":"wp","href":"https:\/\/api.w.org\/{rel}","templated":true}]}}