{"id":146549,"date":"2025-12-29T15:38:58","date_gmt":"2025-12-29T18:38:58","guid":{"rendered":"https:\/\/eldiariodesanpedro.com.ar\/sitio\/?p=146549"},"modified":"2025-12-29T15:39:03","modified_gmt":"2025-12-29T18:39:03","slug":"accidente-de-transito-entre-una-motocicleta-y-una-camioneta-estacionada","status":"publish","type":"post","link":"https:\/\/eldiariodesanpedro.com.ar\/sitio\/accidente-de-transito-entre-una-motocicleta-y-una-camioneta-estacionada\/","title":{"rendered":"Accidente de tr\u00e1nsito entre una motocicleta y una camioneta estacionada"},"content":{"rendered":"<!-- VideographyWP Plugin Message: Automatic video embedding prevented by plugin options. -->\n\n<p>Una joven de 22 a\u00f1os result\u00f3 con lesiones leves tras chocar con una camioneta que se encontraba estacionada en la v\u00eda p\u00fablica y fue trasladada al hospital local.<\/p>\n\n\n\n<p>En la jornada de hoy se registr\u00f3 un <strong>accidente de tr\u00e1nsito<\/strong> en <strong>Nieto de Torres al 1400<\/strong>, donde una <strong>motocicleta Gilera Smash<\/strong>, conducida por una <strong>mujer de 22 a\u00f1os<\/strong>, colision\u00f3 con una <strong>camioneta Ford F100<\/strong>.<\/p>\n\n\n\n<p>De acuerdo al testimonio recabado por el personal policial que intervino en el lugar, se logr\u00f3 establecer que la <strong>camioneta se encontraba estacionada junto al cord\u00f3n cuneta<\/strong> al momento del impacto. Como consecuencia del choque, la conductora del rodado menor sufri\u00f3 <strong>lesiones de car\u00e1cter leve<\/strong>, las cuales ser\u00e1n determinadas con mayor precisi\u00f3n por el personal m\u00e9dico.<\/p>\n\n\n\n<p>La joven fue <strong>trasladada en ambulancia al nosocomio local<\/strong> para su evaluaci\u00f3n y atenci\u00f3n correspondiente. En el hecho tom\u00f3 intervenci\u00f3n la <strong>UFI N.\u00ba 11<\/strong>, que dispuso las actuaciones de rigor.<\/p>\n","protected":false},"excerpt":{"rendered":"<p>Una joven de 22 a\u00f1os result\u00f3 con lesiones leves tras chocar con una camioneta que se encontraba estacionada en la v\u00eda p\u00fablica y fue trasladada al hospital local. En la jornada de hoy se registr\u00f3 un accidente de tr\u00e1nsito en Nieto de Torres al 1400, donde una motocicleta Gilera Smash, conducida por una mujer de [&hellip;]<\/p>\n","protected":false},"author":4,"featured_media":146550,"comment_status":"closed","ping_status":"closed","sticky":false,"template":"","format":"standard","meta":{"om_disable_all_campaigns":false,"_jetpack_memberships_contains_paid_content":false,"footnotes":""},"categories":[2,103],"tags":[3612,8037,8036,8038,6943,2761],"class_list":["post-146549","post","type-post","status-publish","format-standard","has-post-thumbnail","hentry","category-locales","category-policiales-locales","tag-accidente-de-transito-2","tag-camioneta-estacionada","tag-choque-motocicleta","tag-intervencion-ufi-11","tag-motociclista-herida","tag-seguridad-vial"],"aioseo_notices":[],"gutentor_comment":0,"jetpack_featured_media_url":"https:\/\/eldiariodesanpedro.com.ar\/sitio\/wp-content\/uploads\/2025\/12\/medida-1-40.jpg","jetpack_shortlink":"https:\/\/wp.me\/p6RhLt-C7H","jetpack_sharing_enabled":true,"_links":{"self":[{"href":"https:\/\/eldiariodesanpedro.com.ar\/sitio\/wp-json\/wp\/v2\/posts\/146549","targetHints":{"allow":["GET"]}}],"collection":[{"href":"https:\/\/eldiariodesanpedro.com.ar\/sitio\/wp-json\/wp\/v2\/posts"}],"about":[{"href":"https:\/\/eldiariodesanpedro.com.ar\/sitio\/wp-json\/wp\/v2\/types\/post"}],"author":[{"embeddable":true,"href":"https:\/\/eldiariodesanpedro.com.ar\/sitio\/wp-json\/wp\/v2\/users\/4"}],"replies":[{"embeddable":true,"href":"https:\/\/eldiariodesanpedro.com.ar\/sitio\/wp-json\/wp\/v2\/comments?post=146549"}],"version-history":[{"count":1,"href":"https:\/\/eldiariodesanpedro.com.ar\/sitio\/wp-json\/wp\/v2\/posts\/146549\/revisions"}],"predecessor-version":[{"id":146551,"href":"https:\/\/eldiariodesanpedro.com.ar\/sitio\/wp-json\/wp\/v2\/posts\/146549\/revisions\/146551"}],"wp:featuredmedia":[{"embeddable":true,"href":"https:\/\/eldiariodesanpedro.com.ar\/sitio\/wp-json\/wp\/v2\/media\/146550"}],"wp:attachment":[{"href":"https:\/\/eldiariodesanpedro.com.ar\/sitio\/wp-json\/wp\/v2\/media?parent=146549"}],"wp:term":[{"taxonomy":"category","embeddable":true,"href":"https:\/\/eldiariodesanpedro.com.ar\/sitio\/wp-json\/wp\/v2\/categories?post=146549"},{"taxonomy":"post_tag","embeddable":true,"href":"https:\/\/eldiariodesanpedro.com.ar\/sitio\/wp-json\/wp\/v2\/tags?post=146549"}],"curies":[{"name":"wp","href":"https:\/\/api.w.org\/{rel}","templated":true}]}}