{"id":146540,"date":"2025-12-29T15:02:09","date_gmt":"2025-12-29T18:02:09","guid":{"rendered":"https:\/\/eldiariodesanpedro.com.ar\/sitio\/?p=146540"},"modified":"2025-12-29T15:19:12","modified_gmt":"2025-12-29T18:19:12","slug":"mas-de-170-allanamientos-y-116-detenidos-en-2025-por-la-lucha-contra-el-narcotrafico-en-la-region","status":"publish","type":"post","link":"https:\/\/eldiariodesanpedro.com.ar\/sitio\/mas-de-170-allanamientos-y-116-detenidos-en-2025-por-la-lucha-contra-el-narcotrafico-en-la-region\/","title":{"rendered":"M\u00e1s de 170 allanamientos y 116 detenidos en 2025 por la lucha contra el narcotr\u00e1fico en la regi\u00f3n"},"content":{"rendered":"<!-- VideographyWP Plugin Message: Automatic video embedding prevented by plugin options. -->\n\n<p>Durante 2025, operativos coordinados permitieron secuestrar drogas valuadas en m\u00e1s de $500 millones y desarticular organizaciones criminales en varios distritos.<\/p>\n\n\n\n<p>Durante <strong>2025<\/strong>, el <strong>Departamento Judicial de San Nicol\u00e1s<\/strong> registr\u00f3 <strong>avances significativos en la lucha contra el narcotr\u00e1fico y el crimen organizado<\/strong>, a partir de un trabajo sostenido que incluy\u00f3 <strong>m\u00e1s de 50 investigaciones judiciales<\/strong> y <strong>117 allanamientos<\/strong> realizados en distintos puntos de la regi\u00f3n.<\/p>\n\n\n\n<p>Los procedimientos se desarrollaron en los partidos de <strong>San Nicol\u00e1s, Ramallo, San Pedro, Baradero, Arrecifes y Capit\u00e1n Sarmiento<\/strong>, y permitieron concretar <strong>116 detenciones<\/strong>, adem\u00e1s del secuestro de una importante cantidad de estupefacientes y otros elementos vinculados a la actividad delictiva.<\/p>\n\n\n\n<p>Seg\u00fan el informe oficial, las actuaciones lograron retirar del circuito ilegal <strong>8,674 kilos de coca\u00edna y 53,494 kilos de marihuana<\/strong>, adem\u00e1s de <strong>drogas sint\u00e9ticas y hongos alucin\u00f3genos<\/strong>. Estas cifras representan un <strong>incremento del 56% en coca\u00edna y del 41% en marihuana<\/strong> en comparaci\u00f3n con lo incautado durante <strong>2024<\/strong>. El <strong>valor de mercado<\/strong> de la droga secuestrada <strong>supera los 500 millones de pesos<\/strong>.<\/p>\n\n\n\n<p>Las investigaciones tambi\u00e9n permitieron avanzar sobre la <strong>estructura log\u00edstica de las organizaciones criminales<\/strong>, con el <strong>secuestro de veh\u00edculos utilizados para el transporte de drogas<\/strong> y la <strong>incautaci\u00f3n de armas de fuego<\/strong>, reduciendo de manera directa la capacidad operativa de los grupos involucrados.<\/p>\n\n\n\n<p>El trabajo fue articulado entre el <strong>Ministerio P\u00fablico Fiscal<\/strong> y la <strong>Delegaci\u00f3n de Tr\u00e1fico de Drogas Il\u00edcitas<\/strong>, bajo la coordinaci\u00f3n de la <strong>Agente Fiscal Mar\u00eda Ver\u00f3nica Marcantonio<\/strong>, titular de la <strong>Unidad de Coordinaci\u00f3n de Estupefacientes del Departamento Judicial San Nicol\u00e1s<\/strong>, desde donde se impuls\u00f3 la planificaci\u00f3n, el seguimiento y la continuidad de las causas durante todo el a\u00f1o.<\/p>\n\n\n\n<p>Desde el \u00e1mbito judicial destacaron que la <strong>magnitud de los secuestros y las desarticulaciones logradas<\/strong> reflejan un <strong>fuerte compromiso institucional<\/strong> con la persecuci\u00f3n del narcotr\u00e1fico y la criminalidad organizada en toda la regi\u00f3n.<\/p>\n\n\n\n<div class=\"wp-block-jetpack-slideshow aligncenter\" data-effect=\"slide\" style=\"--aspect-ratio:calc(473 \/ 630)\"><div class=\"wp-block-jetpack-slideshow_container swiper\"><ul class=\"wp-block-jetpack-slideshow_swiper-wrapper swiper-wrapper\"><li class=\"wp-block-jetpack-slideshow_slide swiper-slide\"><figure><img decoding=\"async\" width=\"473\" height=\"630\" alt=\"\" class=\"wp-block-jetpack-slideshow_image wp-image-146543 lazyload\" data-id=\"146543\" data-aspect-ratio=\"473 \/ 630\" data-src=\"https:\/\/eldiariodesanpedro.com.ar\/sitio\/wp-content\/uploads\/2025\/12\/WhatsApp-Image-2025-12-29-at-14.35.26.jpeg\" data-srcset=\"https:\/\/eldiariodesanpedro.com.ar\/sitio\/wp-content\/uploads\/2025\/12\/WhatsApp-Image-2025-12-29-at-14.35.26.jpeg 473w, https:\/\/eldiariodesanpedro.com.ar\/sitio\/wp-content\/uploads\/2025\/12\/WhatsApp-Image-2025-12-29-at-14.35.26-225x300.jpeg 225w\" data-sizes=\"(max-width: 473px) 100vw, 473px\" src=\"data:image\/svg+xml;base64,PHN2ZyB3aWR0aD0iMSIgaGVpZ2h0PSIxIiB4bWxucz0iaHR0cDovL3d3dy53My5vcmcvMjAwMC9zdmciPjwvc3ZnPg==\" style=\"--smush-placeholder-width: 473px; --smush-placeholder-aspect-ratio: 473\/630;\" \/><\/figure><\/li><li class=\"wp-block-jetpack-slideshow_slide swiper-slide\"><figure><img decoding=\"async\" width=\"840\" height=\"630\" alt=\"\" class=\"wp-block-jetpack-slideshow_image wp-image-146545 lazyload\" data-id=\"146545\" data-aspect-ratio=\"840 \/ 630\" data-src=\"https:\/\/eldiariodesanpedro.com.ar\/sitio\/wp-content\/uploads\/2025\/12\/WhatsApp-Image-2025-12-29-at-14.35.27.jpeg\" data-srcset=\"https:\/\/eldiariodesanpedro.com.ar\/sitio\/wp-content\/uploads\/2025\/12\/WhatsApp-Image-2025-12-29-at-14.35.27.jpeg 840w, https:\/\/eldiariodesanpedro.com.ar\/sitio\/wp-content\/uploads\/2025\/12\/WhatsApp-Image-2025-12-29-at-14.35.27-300x225.jpeg 300w, https:\/\/eldiariodesanpedro.com.ar\/sitio\/wp-content\/uploads\/2025\/12\/WhatsApp-Image-2025-12-29-at-14.35.27-768x576.jpeg 768w, https:\/\/eldiariodesanpedro.com.ar\/sitio\/wp-content\/uploads\/2025\/12\/WhatsApp-Image-2025-12-29-at-14.35.27-272x204.jpeg 272w\" data-sizes=\"(max-width: 840px) 100vw, 840px\" src=\"data:image\/svg+xml;base64,PHN2ZyB3aWR0aD0iMSIgaGVpZ2h0PSIxIiB4bWxucz0iaHR0cDovL3d3dy53My5vcmcvMjAwMC9zdmciPjwvc3ZnPg==\" style=\"--smush-placeholder-width: 840px; --smush-placeholder-aspect-ratio: 840\/630;\" \/><\/figure><\/li><li class=\"wp-block-jetpack-slideshow_slide swiper-slide\"><figure><img decoding=\"async\" width=\"473\" height=\"630\" alt=\"\" class=\"wp-block-jetpack-slideshow_image wp-image-146547 lazyload\" data-id=\"146547\" data-aspect-ratio=\"473 \/ 630\" data-src=\"https:\/\/eldiariodesanpedro.com.ar\/sitio\/wp-content\/uploads\/2025\/12\/WhatsApp-Image-2025-12-29-at-14.35.263.jpeg\" data-srcset=\"https:\/\/eldiariodesanpedro.com.ar\/sitio\/wp-content\/uploads\/2025\/12\/WhatsApp-Image-2025-12-29-at-14.35.263.jpeg 473w, https:\/\/eldiariodesanpedro.com.ar\/sitio\/wp-content\/uploads\/2025\/12\/WhatsApp-Image-2025-12-29-at-14.35.263-225x300.jpeg 225w\" data-sizes=\"(max-width: 473px) 100vw, 473px\" src=\"data:image\/svg+xml;base64,PHN2ZyB3aWR0aD0iMSIgaGVpZ2h0PSIxIiB4bWxucz0iaHR0cDovL3d3dy53My5vcmcvMjAwMC9zdmciPjwvc3ZnPg==\" style=\"--smush-placeholder-width: 473px; --smush-placeholder-aspect-ratio: 473\/630;\" \/><\/figure><\/li><li class=\"wp-block-jetpack-slideshow_slide swiper-slide\"><figure><img decoding=\"async\" width=\"840\" height=\"630\" alt=\"\" class=\"wp-block-jetpack-slideshow_image wp-image-146546 lazyload\" data-id=\"146546\" data-aspect-ratio=\"840 \/ 630\" data-src=\"https:\/\/eldiariodesanpedro.com.ar\/sitio\/wp-content\/uploads\/2025\/12\/WhatsApp-Image-2025-12-29-at-14.35.264.jpeg\" data-srcset=\"https:\/\/eldiariodesanpedro.com.ar\/sitio\/wp-content\/uploads\/2025\/12\/WhatsApp-Image-2025-12-29-at-14.35.264.jpeg 840w, https:\/\/eldiariodesanpedro.com.ar\/sitio\/wp-content\/uploads\/2025\/12\/WhatsApp-Image-2025-12-29-at-14.35.264-300x225.jpeg 300w, https:\/\/eldiariodesanpedro.com.ar\/sitio\/wp-content\/uploads\/2025\/12\/WhatsApp-Image-2025-12-29-at-14.35.264-768x576.jpeg 768w, https:\/\/eldiariodesanpedro.com.ar\/sitio\/wp-content\/uploads\/2025\/12\/WhatsApp-Image-2025-12-29-at-14.35.264-272x204.jpeg 272w\" data-sizes=\"(max-width: 840px) 100vw, 840px\" src=\"data:image\/svg+xml;base64,PHN2ZyB3aWR0aD0iMSIgaGVpZ2h0PSIxIiB4bWxucz0iaHR0cDovL3d3dy53My5vcmcvMjAwMC9zdmciPjwvc3ZnPg==\" style=\"--smush-placeholder-width: 840px; --smush-placeholder-aspect-ratio: 840\/630;\" \/><\/figure><\/li><li class=\"wp-block-jetpack-slideshow_slide swiper-slide\"><figure><img decoding=\"async\" width=\"473\" height=\"630\" alt=\"\" class=\"wp-block-jetpack-slideshow_image wp-image-146544 lazyload\" data-id=\"146544\" data-aspect-ratio=\"473 \/ 630\" data-src=\"https:\/\/eldiariodesanpedro.com.ar\/sitio\/wp-content\/uploads\/2025\/12\/WhatsApp-Image-2025-12-29-at-14.35.271.jpeg\" data-srcset=\"https:\/\/eldiariodesanpedro.com.ar\/sitio\/wp-content\/uploads\/2025\/12\/WhatsApp-Image-2025-12-29-at-14.35.271.jpeg 473w, https:\/\/eldiariodesanpedro.com.ar\/sitio\/wp-content\/uploads\/2025\/12\/WhatsApp-Image-2025-12-29-at-14.35.271-225x300.jpeg 225w\" data-sizes=\"(max-width: 473px) 100vw, 473px\" src=\"data:image\/svg+xml;base64,PHN2ZyB3aWR0aD0iMSIgaGVpZ2h0PSIxIiB4bWxucz0iaHR0cDovL3d3dy53My5vcmcvMjAwMC9zdmciPjwvc3ZnPg==\" style=\"--smush-placeholder-width: 473px; --smush-placeholder-aspect-ratio: 473\/630;\" \/><\/figure><\/li><\/ul><a class=\"wp-block-jetpack-slideshow_button-prev swiper-button-prev swiper-button-white\" role=\"button\"><\/a><a class=\"wp-block-jetpack-slideshow_button-next swiper-button-next swiper-button-white\" role=\"button\"><\/a><a aria-label=\"Pause Slideshow\" class=\"wp-block-jetpack-slideshow_button-pause\" role=\"button\"><\/a><div class=\"wp-block-jetpack-slideshow_pagination swiper-pagination swiper-pagination-white\"><\/div><\/div><\/div>\n","protected":false},"excerpt":{"rendered":"<p>Durante 2025, operativos coordinados permitieron secuestrar drogas valuadas en m\u00e1s de $500 millones y desarticular organizaciones criminales en varios distritos. Durante 2025, el Departamento Judicial de San Nicol\u00e1s registr\u00f3 avances significativos en la lucha contra el narcotr\u00e1fico y el crimen organizado, a partir de un trabajo sostenido que incluy\u00f3 m\u00e1s de 50 investigaciones judiciales y [&hellip;]<\/p>\n","protected":false},"author":4,"featured_media":146541,"comment_status":"closed","ping_status":"closed","sticky":false,"template":"","format":"standard","meta":{"om_disable_all_campaigns":false,"_jetpack_memberships_contains_paid_content":false,"footnotes":""},"categories":[50,101,2],"tags":[8029,8032,6610,8034,8030,8033,8031,8035],"class_list":["post-146540","post","type-post","status-publish","format-standard","has-post-thumbnail","hentry","category-destacadas","category-interes-general-locales","category-locales","tag-allanamientos-2025","tag-crimen-organizado","tag-departamento-judicial-san-nicolas","tag-detenciones","tag-lucha-contra-el-narcotrafico","tag-operativos-antidroga","tag-secuestro-de-cocaina-y-marihuana","tag-trafico-de-drogas"],"aioseo_notices":[],"gutentor_comment":0,"jetpack_featured_media_url":"https:\/\/eldiariodesanpedro.com.ar\/sitio\/wp-content\/uploads\/2025\/12\/medida-1-39.jpg","jetpack_shortlink":"https:\/\/wp.me\/p6RhLt-C7y","jetpack_sharing_enabled":true,"_links":{"self":[{"href":"https:\/\/eldiariodesanpedro.com.ar\/sitio\/wp-json\/wp\/v2\/posts\/146540","targetHints":{"allow":["GET"]}}],"collection":[{"href":"https:\/\/eldiariodesanpedro.com.ar\/sitio\/wp-json\/wp\/v2\/posts"}],"about":[{"href":"https:\/\/eldiariodesanpedro.com.ar\/sitio\/wp-json\/wp\/v2\/types\/post"}],"author":[{"embeddable":true,"href":"https:\/\/eldiariodesanpedro.com.ar\/sitio\/wp-json\/wp\/v2\/users\/4"}],"replies":[{"embeddable":true,"href":"https:\/\/eldiariodesanpedro.com.ar\/sitio\/wp-json\/wp\/v2\/comments?post=146540"}],"version-history":[{"count":2,"href":"https:\/\/eldiariodesanpedro.com.ar\/sitio\/wp-json\/wp\/v2\/posts\/146540\/revisions"}],"predecessor-version":[{"id":146548,"href":"https:\/\/eldiariodesanpedro.com.ar\/sitio\/wp-json\/wp\/v2\/posts\/146540\/revisions\/146548"}],"wp:featuredmedia":[{"embeddable":true,"href":"https:\/\/eldiariodesanpedro.com.ar\/sitio\/wp-json\/wp\/v2\/media\/146541"}],"wp:attachment":[{"href":"https:\/\/eldiariodesanpedro.com.ar\/sitio\/wp-json\/wp\/v2\/media?parent=146540"}],"wp:term":[{"taxonomy":"category","embeddable":true,"href":"https:\/\/eldiariodesanpedro.com.ar\/sitio\/wp-json\/wp\/v2\/categories?post=146540"},{"taxonomy":"post_tag","embeddable":true,"href":"https:\/\/eldiariodesanpedro.com.ar\/sitio\/wp-json\/wp\/v2\/tags?post=146540"}],"curies":[{"name":"wp","href":"https:\/\/api.w.org\/{rel}","templated":true}]}}