{"id":14653,"date":"2017-02-14T13:04:25","date_gmt":"2017-02-14T16:04:25","guid":{"rendered":"https:\/\/eldiariodesanpedro.com.ar\/sitio\/?p=14653"},"modified":"2017-02-14T13:04:25","modified_gmt":"2017-02-14T16:04:25","slug":"san-pedro-sera-sede-para-el-proximo-foro-de-intendentes-de-cambiemos","status":"publish","type":"post","link":"https:\/\/eldiariodesanpedro.com.ar\/sitio\/san-pedro-sera-sede-para-el-proximo-foro-de-intendentes-de-cambiemos\/","title":{"rendered":"San Pedro sera sede para el pr\u00f3ximo foro de intendentes de Cambiemos"},"content":{"rendered":"<p><!-- VideographyWP Plugin Message: Automatic video embedding prevented by plugin options. --><br \/>\nEl intendente Cecilio Salazar se encuentra en la ciudad de aut\u00f3noma de Buenos Aires en la el Club Banco Provincia, en un foro de intendentes de Cambiemos, donde estar\u00e1 presente el presidente Mauricio Macri y la gobernadora Maria Eugenia Vidal.<\/p>\n<p>El jefe comunal solicit\u00f3 al se\u00f1or presidente y gobernadora un petitorio para seguir realizando obras en la ciudad como por ejemplo el mejoramiento de calles, ademas tomo la palabra en primer lugar y propuso a la ciudad de San Pedro como sede del pr\u00f3ximo encuentro del foro de intendentes de Cambiemos el cual fue aceptado por unanimidad y se llevara a cabo en el mes de Marzo.<\/p>\n","protected":false},"excerpt":{"rendered":"<p>El intendente Cecilio Salazar se encuentra en la ciudad de aut\u00f3noma de Buenos Aires en la el Club Banco Provincia, en un foro de intendentes de Cambiemos, donde estar\u00e1 presente el presidente Mauricio Macri y la gobernadora Maria Eugenia Vidal. El jefe comunal solicit\u00f3 al se\u00f1or presidente y gobernadora un petitorio para seguir realizando obras [&hellip;]<\/p>\n","protected":false},"author":4,"featured_media":14654,"comment_status":"open","ping_status":"closed","sticky":false,"template":"","format":"standard","meta":{"om_disable_all_campaigns":false,"_jetpack_memberships_contains_paid_content":false,"footnotes":""},"categories":[50,2,102],"tags":[],"class_list":["post-14653","post","type-post","status-publish","format-standard","has-post-thumbnail","hentry","category-destacadas","category-locales","category-politica-locales"],"aioseo_notices":[],"gutentor_comment":0,"jetpack_featured_media_url":"https:\/\/eldiariodesanpedro.com.ar\/sitio\/wp-content\/uploads\/2017\/02\/Cecilio-con-vidal.jpg","jetpack_shortlink":"https:\/\/wp.me\/p6RhLt-3Ol","jetpack_sharing_enabled":true,"_links":{"self":[{"href":"https:\/\/eldiariodesanpedro.com.ar\/sitio\/wp-json\/wp\/v2\/posts\/14653","targetHints":{"allow":["GET"]}}],"collection":[{"href":"https:\/\/eldiariodesanpedro.com.ar\/sitio\/wp-json\/wp\/v2\/posts"}],"about":[{"href":"https:\/\/eldiariodesanpedro.com.ar\/sitio\/wp-json\/wp\/v2\/types\/post"}],"author":[{"embeddable":true,"href":"https:\/\/eldiariodesanpedro.com.ar\/sitio\/wp-json\/wp\/v2\/users\/4"}],"replies":[{"embeddable":true,"href":"https:\/\/eldiariodesanpedro.com.ar\/sitio\/wp-json\/wp\/v2\/comments?post=14653"}],"version-history":[{"count":1,"href":"https:\/\/eldiariodesanpedro.com.ar\/sitio\/wp-json\/wp\/v2\/posts\/14653\/revisions"}],"predecessor-version":[{"id":14655,"href":"https:\/\/eldiariodesanpedro.com.ar\/sitio\/wp-json\/wp\/v2\/posts\/14653\/revisions\/14655"}],"wp:featuredmedia":[{"embeddable":true,"href":"https:\/\/eldiariodesanpedro.com.ar\/sitio\/wp-json\/wp\/v2\/media\/14654"}],"wp:attachment":[{"href":"https:\/\/eldiariodesanpedro.com.ar\/sitio\/wp-json\/wp\/v2\/media?parent=14653"}],"wp:term":[{"taxonomy":"category","embeddable":true,"href":"https:\/\/eldiariodesanpedro.com.ar\/sitio\/wp-json\/wp\/v2\/categories?post=14653"},{"taxonomy":"post_tag","embeddable":true,"href":"https:\/\/eldiariodesanpedro.com.ar\/sitio\/wp-json\/wp\/v2\/tags?post=14653"}],"curies":[{"name":"wp","href":"https:\/\/api.w.org\/{rel}","templated":true}]}}