{"id":14650,"date":"2017-02-14T10:31:12","date_gmt":"2017-02-14T13:31:12","guid":{"rendered":"https:\/\/eldiariodesanpedro.com.ar\/sitio\/?p=14650"},"modified":"2017-02-14T10:31:12","modified_gmt":"2017-02-14T13:31:12","slug":"robaron-dos-motos-de-alto-valor-de-un-garage","status":"publish","type":"post","link":"https:\/\/eldiariodesanpedro.com.ar\/sitio\/robaron-dos-motos-de-alto-valor-de-un-garage\/","title":{"rendered":"Robaron dos motos de alto valor de un garage"},"content":{"rendered":"<p><!-- VideographyWP Plugin Message: Automatic video embedding prevented by plugin options. --><br \/>\nEste lunes un hombre de 55 a\u00f1os de edad realizo una denuncia en la comisaria local de nuestra ciudad, ya que al levantarse en la ma\u00f1ana constata que en su domicilio de Gomendio al 1800, un autor desconocido despu\u00e9s de violentar un port\u00f3n de garage le sustrajeron dos motocicletas una Harley Davidson y una Yamaha FZ 1000, con un valor cercano de entre 35 mil y 35 d\u00f3lares.<\/p>\n<p>Las motos fueron llevadas sin violentar nada ya que ten\u00edan las llaves correspondientes colocadas. Toma intervenci\u00f3n la Sub DDI y polic\u00eda Cient\u00edfica ademas de la Fiscalia N\u00ba 5 de San Pedro.<\/p>\n","protected":false},"excerpt":{"rendered":"<p>Este lunes un hombre de 55 a\u00f1os de edad realizo una denuncia en la comisaria local de nuestra ciudad, ya que al levantarse en la ma\u00f1ana constata que en su domicilio de Gomendio al 1800, un autor desconocido despu\u00e9s de violentar un port\u00f3n de garage le sustrajeron dos motocicletas una Harley Davidson y una Yamaha [&hellip;]<\/p>\n","protected":false},"author":4,"featured_media":14651,"comment_status":"open","ping_status":"closed","sticky":false,"template":"","format":"standard","meta":{"om_disable_all_campaigns":false,"_jetpack_memberships_contains_paid_content":false,"footnotes":""},"categories":[2,103],"tags":[],"class_list":["post-14650","post","type-post","status-publish","format-standard","has-post-thumbnail","hentry","category-locales","category-policiales-locales"],"aioseo_notices":[],"gutentor_comment":0,"jetpack_featured_media_url":"https:\/\/eldiariodesanpedro.com.ar\/sitio\/wp-content\/uploads\/2017\/02\/motos.jpg","jetpack_shortlink":"https:\/\/wp.me\/p6RhLt-3Oi","jetpack_sharing_enabled":true,"_links":{"self":[{"href":"https:\/\/eldiariodesanpedro.com.ar\/sitio\/wp-json\/wp\/v2\/posts\/14650","targetHints":{"allow":["GET"]}}],"collection":[{"href":"https:\/\/eldiariodesanpedro.com.ar\/sitio\/wp-json\/wp\/v2\/posts"}],"about":[{"href":"https:\/\/eldiariodesanpedro.com.ar\/sitio\/wp-json\/wp\/v2\/types\/post"}],"author":[{"embeddable":true,"href":"https:\/\/eldiariodesanpedro.com.ar\/sitio\/wp-json\/wp\/v2\/users\/4"}],"replies":[{"embeddable":true,"href":"https:\/\/eldiariodesanpedro.com.ar\/sitio\/wp-json\/wp\/v2\/comments?post=14650"}],"version-history":[{"count":1,"href":"https:\/\/eldiariodesanpedro.com.ar\/sitio\/wp-json\/wp\/v2\/posts\/14650\/revisions"}],"predecessor-version":[{"id":14652,"href":"https:\/\/eldiariodesanpedro.com.ar\/sitio\/wp-json\/wp\/v2\/posts\/14650\/revisions\/14652"}],"wp:featuredmedia":[{"embeddable":true,"href":"https:\/\/eldiariodesanpedro.com.ar\/sitio\/wp-json\/wp\/v2\/media\/14651"}],"wp:attachment":[{"href":"https:\/\/eldiariodesanpedro.com.ar\/sitio\/wp-json\/wp\/v2\/media?parent=14650"}],"wp:term":[{"taxonomy":"category","embeddable":true,"href":"https:\/\/eldiariodesanpedro.com.ar\/sitio\/wp-json\/wp\/v2\/categories?post=14650"},{"taxonomy":"post_tag","embeddable":true,"href":"https:\/\/eldiariodesanpedro.com.ar\/sitio\/wp-json\/wp\/v2\/tags?post=14650"}],"curies":[{"name":"wp","href":"https:\/\/api.w.org\/{rel}","templated":true}]}}