{"id":14646,"date":"2017-02-14T10:19:08","date_gmt":"2017-02-14T13:19:08","guid":{"rendered":"https:\/\/eldiariodesanpedro.com.ar\/sitio\/?p=14646"},"modified":"2017-02-14T10:21:50","modified_gmt":"2017-02-14T13:21:50","slug":"robaron-una-caja-fuerte-de-un-comercio","status":"publish","type":"post","link":"https:\/\/eldiariodesanpedro.com.ar\/sitio\/robaron-una-caja-fuerte-de-un-comercio\/","title":{"rendered":"Robaron una caja fuerte de un comercio"},"content":{"rendered":"<p><!-- VideographyWP Plugin Message: Automatic video embedding prevented by plugin options. --><br \/>\nEn el d\u00eda de ayer una mujer de 45 a\u00f1os de edad denuncio que en el momento que se presento en su lugar de trabajo, constata que la caja fuerte se encontraba abierta sin signos de violaci\u00f3n y con un faltante de dinero en efectivo en moneda nacional. <\/p>\n<p>Tambi\u00e9n declara la persona denunciante que pudo observar que que en la puerta de ingreso al patio trasero tambi\u00e9n se encontraba abierta pero tambi\u00e9n sin aparente da\u00f1os de violencia y dentro del local comercial no se constato ning\u00fan desorden.<\/p>\n","protected":false},"excerpt":{"rendered":"<p>En el d\u00eda de ayer una mujer de 45 a\u00f1os de edad denuncio que en el momento que se presento en su lugar de trabajo, constata que la caja fuerte se encontraba abierta sin signos de violaci\u00f3n y con un faltante de dinero en efectivo en moneda nacional. Tambi\u00e9n declara la persona denunciante que pudo [&hellip;]<\/p>\n","protected":false},"author":4,"featured_media":5635,"comment_status":"open","ping_status":"closed","sticky":false,"template":"","format":"standard","meta":{"om_disable_all_campaigns":false,"_jetpack_memberships_contains_paid_content":false,"footnotes":""},"categories":[2,103],"tags":[],"class_list":["post-14646","post","type-post","status-publish","format-standard","has-post-thumbnail","hentry","category-locales","category-policiales-locales"],"aioseo_notices":[],"gutentor_comment":0,"jetpack_featured_media_url":"https:\/\/eldiariodesanpedro.com.ar\/sitio\/wp-content\/uploads\/2016\/06\/comisaria-sanpedro.jpg","jetpack_shortlink":"https:\/\/wp.me\/p6RhLt-3Oe","jetpack_sharing_enabled":true,"_links":{"self":[{"href":"https:\/\/eldiariodesanpedro.com.ar\/sitio\/wp-json\/wp\/v2\/posts\/14646","targetHints":{"allow":["GET"]}}],"collection":[{"href":"https:\/\/eldiariodesanpedro.com.ar\/sitio\/wp-json\/wp\/v2\/posts"}],"about":[{"href":"https:\/\/eldiariodesanpedro.com.ar\/sitio\/wp-json\/wp\/v2\/types\/post"}],"author":[{"embeddable":true,"href":"https:\/\/eldiariodesanpedro.com.ar\/sitio\/wp-json\/wp\/v2\/users\/4"}],"replies":[{"embeddable":true,"href":"https:\/\/eldiariodesanpedro.com.ar\/sitio\/wp-json\/wp\/v2\/comments?post=14646"}],"version-history":[{"count":3,"href":"https:\/\/eldiariodesanpedro.com.ar\/sitio\/wp-json\/wp\/v2\/posts\/14646\/revisions"}],"predecessor-version":[{"id":14649,"href":"https:\/\/eldiariodesanpedro.com.ar\/sitio\/wp-json\/wp\/v2\/posts\/14646\/revisions\/14649"}],"wp:featuredmedia":[{"embeddable":true,"href":"https:\/\/eldiariodesanpedro.com.ar\/sitio\/wp-json\/wp\/v2\/media\/5635"}],"wp:attachment":[{"href":"https:\/\/eldiariodesanpedro.com.ar\/sitio\/wp-json\/wp\/v2\/media?parent=14646"}],"wp:term":[{"taxonomy":"category","embeddable":true,"href":"https:\/\/eldiariodesanpedro.com.ar\/sitio\/wp-json\/wp\/v2\/categories?post=14646"},{"taxonomy":"post_tag","embeddable":true,"href":"https:\/\/eldiariodesanpedro.com.ar\/sitio\/wp-json\/wp\/v2\/tags?post=14646"}],"curies":[{"name":"wp","href":"https:\/\/api.w.org\/{rel}","templated":true}]}}