{"id":14642,"date":"2017-02-14T10:01:49","date_gmt":"2017-02-14T13:01:49","guid":{"rendered":"https:\/\/eldiariodesanpedro.com.ar\/sitio\/?p=14642"},"modified":"2017-02-14T10:02:32","modified_gmt":"2017-02-14T13:02:32","slug":"14642-2","status":"publish","type":"post","link":"https:\/\/eldiariodesanpedro.com.ar\/sitio\/14642-2\/","title":{"rendered":"Presentaci\u00f3n del SANATORIO COOPSER"},"content":{"rendered":"<p><!-- VideographyWP Plugin Message: Automatic video embedding prevented by plugin options. --><br \/>\nEl Consejo de Administraci\u00f3n de COOPSER tiene el agrado de informar que el pr\u00f3ximo jueves 23 de febrero se realizar\u00e1 la presentaci\u00f3n oficial del Sanatorio COOPSER (Ex Cl\u00ednica San Mart\u00edn) que abrir\u00e1 sus nuevas instalaciones el 1\u00ba de Marzo.<\/p>\n<p>Por tratarse de un espacio de atenci\u00f3n m\u00e9dica con equipamiento y sectores que han requerido un reacondicionamiento especial y no pueden recibir simult\u00e1neamente a una gran cantidad de gente, esta presentaci\u00f3n se dividir\u00e1 en dos partes.<\/p>\n<p>A las 11 de la ma\u00f1ana se invita a los medios de comunicaci\u00f3n a una conferencia de prensa recorriendo junto representantes de COOPSER y del cuerpo m\u00e9dico que estar\u00e1 a cargo del Sanatorio, para brindar informaci\u00f3n sobre las tareas desarrolladas desde octubre del a\u00f1o pasado y las caracter\u00edsticas que tendr\u00e1 esta nueva etapa.<\/p>\n<p>Luego a las 19.30, tendr\u00e1 lugar un acto protocolar para el simb\u00f3lico corte de cintas junto a autoridades, trabajadores y a quienes han formado parte de este proceso.<\/p>\n<p>Hemos transitado un largo camino de meses intensos que dar\u00e1n paso a lo que todos finalmente deseamos: recuperar un servicio de salud con calidad y excelencia, por ello compartimos la alegr\u00eda de esta buena noticia con toda nuestra comunidad.<\/p>\n","protected":false},"excerpt":{"rendered":"<p>El Consejo de Administraci\u00f3n de COOPSER tiene el agrado de informar que el pr\u00f3ximo jueves 23 de febrero se realizar\u00e1 la presentaci\u00f3n oficial del Sanatorio COOPSER (Ex Cl\u00ednica San Mart\u00edn) que abrir\u00e1 sus nuevas instalaciones el 1\u00ba de Marzo. Por tratarse de un espacio de atenci\u00f3n m\u00e9dica con equipamiento y sectores que han requerido un [&hellip;]<\/p>\n","protected":false},"author":4,"featured_media":14643,"comment_status":"open","ping_status":"closed","sticky":false,"template":"","format":"standard","meta":{"om_disable_all_campaigns":false,"_jetpack_memberships_contains_paid_content":false,"footnotes":""},"categories":[101,2],"tags":[],"class_list":["post-14642","post","type-post","status-publish","format-standard","has-post-thumbnail","hentry","category-interes-general-locales","category-locales"],"aioseo_notices":[],"gutentor_comment":0,"jetpack_featured_media_url":"https:\/\/eldiariodesanpedro.com.ar\/sitio\/wp-content\/uploads\/2017\/02\/sanatorio-coopser.jpg","jetpack_shortlink":"https:\/\/wp.me\/p6RhLt-3Oa","jetpack_sharing_enabled":true,"_links":{"self":[{"href":"https:\/\/eldiariodesanpedro.com.ar\/sitio\/wp-json\/wp\/v2\/posts\/14642","targetHints":{"allow":["GET"]}}],"collection":[{"href":"https:\/\/eldiariodesanpedro.com.ar\/sitio\/wp-json\/wp\/v2\/posts"}],"about":[{"href":"https:\/\/eldiariodesanpedro.com.ar\/sitio\/wp-json\/wp\/v2\/types\/post"}],"author":[{"embeddable":true,"href":"https:\/\/eldiariodesanpedro.com.ar\/sitio\/wp-json\/wp\/v2\/users\/4"}],"replies":[{"embeddable":true,"href":"https:\/\/eldiariodesanpedro.com.ar\/sitio\/wp-json\/wp\/v2\/comments?post=14642"}],"version-history":[{"count":2,"href":"https:\/\/eldiariodesanpedro.com.ar\/sitio\/wp-json\/wp\/v2\/posts\/14642\/revisions"}],"predecessor-version":[{"id":14645,"href":"https:\/\/eldiariodesanpedro.com.ar\/sitio\/wp-json\/wp\/v2\/posts\/14642\/revisions\/14645"}],"wp:featuredmedia":[{"embeddable":true,"href":"https:\/\/eldiariodesanpedro.com.ar\/sitio\/wp-json\/wp\/v2\/media\/14643"}],"wp:attachment":[{"href":"https:\/\/eldiariodesanpedro.com.ar\/sitio\/wp-json\/wp\/v2\/media?parent=14642"}],"wp:term":[{"taxonomy":"category","embeddable":true,"href":"https:\/\/eldiariodesanpedro.com.ar\/sitio\/wp-json\/wp\/v2\/categories?post=14642"},{"taxonomy":"post_tag","embeddable":true,"href":"https:\/\/eldiariodesanpedro.com.ar\/sitio\/wp-json\/wp\/v2\/tags?post=14642"}],"curies":[{"name":"wp","href":"https:\/\/api.w.org\/{rel}","templated":true}]}}