{"id":14639,"date":"2017-02-13T21:43:44","date_gmt":"2017-02-14T00:43:44","guid":{"rendered":"https:\/\/eldiariodesanpedro.com.ar\/sitio\/?p=14639"},"modified":"2017-02-13T21:43:44","modified_gmt":"2017-02-14T00:43:44","slug":"una-mujer-sufrio-una-fractura-de-femur-en-un-despiste-en-la-autopista","status":"publish","type":"post","link":"https:\/\/eldiariodesanpedro.com.ar\/sitio\/una-mujer-sufrio-una-fractura-de-femur-en-un-despiste-en-la-autopista\/","title":{"rendered":"Una mujer sufri\u00f3 una fractura de f\u00e9mur en un despiste en la autopista"},"content":{"rendered":"<p><!-- VideographyWP Plugin Message: Automatic video embedding prevented by plugin options. --><br \/>\nEl incidente de tr\u00e1nsito tuvo lugar, en horas del mediod\u00eda de este domingo, en el km. 161 del carril Buenos Aires \u2013 Rosario. En ese lugar, por causas que se tratan de establecer, un Volkswagen Bora se sali\u00f3 de la calzada. Tras el despiste, el rodado finaliz\u00f3 su trayecto junto a una alcantarilla del cantero central.<\/p>\n<p>En el veh\u00edculo se dirig\u00edan un hombre y una mujer, mayores de edad, y dos menores. Como consecuencia de ello, la acompa\u00f1ante debi\u00f3 ser trasladada por una ambulancia al Hospital de nuestra ciudad como consecuencia de una fractura de f\u00e9mur que sufri\u00f3.<\/p>\n","protected":false},"excerpt":{"rendered":"<p>El incidente de tr\u00e1nsito tuvo lugar, en horas del mediod\u00eda de este domingo, en el km. 161 del carril Buenos Aires \u2013 Rosario. En ese lugar, por causas que se tratan de establecer, un Volkswagen Bora se sali\u00f3 de la calzada. Tras el despiste, el rodado finaliz\u00f3 su trayecto junto a una alcantarilla del cantero [&hellip;]<\/p>\n","protected":false},"author":4,"featured_media":14640,"comment_status":"open","ping_status":"closed","sticky":false,"template":"","format":"standard","meta":{"om_disable_all_campaigns":false,"_jetpack_memberships_contains_paid_content":false,"footnotes":""},"categories":[2,103],"tags":[],"class_list":["post-14639","post","type-post","status-publish","format-standard","has-post-thumbnail","hentry","category-locales","category-policiales-locales"],"aioseo_notices":[],"gutentor_comment":0,"jetpack_featured_media_url":"https:\/\/eldiariodesanpedro.com.ar\/sitio\/wp-content\/uploads\/2017\/02\/El-auto-que-despist\u00f3.jpeg","jetpack_shortlink":"https:\/\/wp.me\/p6RhLt-3O7","jetpack_sharing_enabled":true,"_links":{"self":[{"href":"https:\/\/eldiariodesanpedro.com.ar\/sitio\/wp-json\/wp\/v2\/posts\/14639","targetHints":{"allow":["GET"]}}],"collection":[{"href":"https:\/\/eldiariodesanpedro.com.ar\/sitio\/wp-json\/wp\/v2\/posts"}],"about":[{"href":"https:\/\/eldiariodesanpedro.com.ar\/sitio\/wp-json\/wp\/v2\/types\/post"}],"author":[{"embeddable":true,"href":"https:\/\/eldiariodesanpedro.com.ar\/sitio\/wp-json\/wp\/v2\/users\/4"}],"replies":[{"embeddable":true,"href":"https:\/\/eldiariodesanpedro.com.ar\/sitio\/wp-json\/wp\/v2\/comments?post=14639"}],"version-history":[{"count":1,"href":"https:\/\/eldiariodesanpedro.com.ar\/sitio\/wp-json\/wp\/v2\/posts\/14639\/revisions"}],"predecessor-version":[{"id":14641,"href":"https:\/\/eldiariodesanpedro.com.ar\/sitio\/wp-json\/wp\/v2\/posts\/14639\/revisions\/14641"}],"wp:featuredmedia":[{"embeddable":true,"href":"https:\/\/eldiariodesanpedro.com.ar\/sitio\/wp-json\/wp\/v2\/media\/14640"}],"wp:attachment":[{"href":"https:\/\/eldiariodesanpedro.com.ar\/sitio\/wp-json\/wp\/v2\/media?parent=14639"}],"wp:term":[{"taxonomy":"category","embeddable":true,"href":"https:\/\/eldiariodesanpedro.com.ar\/sitio\/wp-json\/wp\/v2\/categories?post=14639"},{"taxonomy":"post_tag","embeddable":true,"href":"https:\/\/eldiariodesanpedro.com.ar\/sitio\/wp-json\/wp\/v2\/tags?post=14639"}],"curies":[{"name":"wp","href":"https:\/\/api.w.org\/{rel}","templated":true}]}}