{"id":146385,"date":"2025-12-26T11:40:30","date_gmt":"2025-12-26T14:40:30","guid":{"rendered":"https:\/\/eldiariodesanpedro.com.ar\/sitio\/continua-grave-la-nina-de-12-anos-herida-por-una-bala-perdida-en-moron-durante-la-navidad\/"},"modified":"2025-12-26T11:40:30","modified_gmt":"2025-12-26T14:40:30","slug":"continua-grave-la-nina-de-12-anos-herida-por-una-bala-perdida-en-moron-durante-la-navidad","status":"publish","type":"post","link":"https:\/\/eldiariodesanpedro.com.ar\/sitio\/continua-grave-la-nina-de-12-anos-herida-por-una-bala-perdida-en-moron-durante-la-navidad\/","title":{"rendered":"Contin\u00faa grave la ni\u00f1a de 12 a\u00f1os herida por una bala perdida en Mor\u00f3n durante la Navidad"},"content":{"rendered":"<p><!-- VideographyWP Plugin Message: Automatic video embedding prevented by plugin options. --><\/p>\n<p><strong>Una ni\u00f1a de 12 a\u00f1os contin\u00faa en estado cr\u00edtico en terapia intensiva<\/strong> luego de haber sido impactada en la cabeza por una bala perdida durante los festejos de Navidad en Villa Sarmiento, partido de Mor\u00f3n. El episodio se produjo en la madrugada del 25 de diciembre cuando celebraba frente a su vivienda junto a familiares.<\/p>\n<p>De acuerdo a fuentes m\u00e9dicas del <strong>Sanatorio de la Trinidad de Ramos Mej\u00eda<\/strong>, la paciente fue estabilizada tras su ingreso, aunque a\u00fan no pudo ser intervenida quir\u00fargicamente debido a la gravedad de las lesiones. El <strong>proyectil sigue alojado en la zona posterior del cr\u00e1neo<\/strong> y no presenta orificio de salida, aunque familiares se\u00f1alaron que no tiene comprometidas funciones motoras.<\/p>\n<p>El hecho ocurri\u00f3 en la intersecci\u00f3n de las calles <strong>Pedro Castelli y Madero<\/strong>, donde la v\u00edctima se encontraba junto a su familia y un grupo de primos. Seg\u00fan testigos, la menor cay\u00f3 de manera repentina y expres\u00f3 que sent\u00eda una fuerte quemaz\u00f3n en la cabeza. Al revisar sus heridas, los familiares constataron que presentaba una hemorragia y la trasladaron de urgencia al Hospital San Juan de Dios, siendo posteriormente derivada al sanatorio donde permanece internada.<\/p>\n<p><strong>La investigaci\u00f3n est\u00e1 a cargo de la fiscal Valeria Courtade, de la UFI N\u00b03 de Mor\u00f3n<\/strong>. Las primeras pesquisas apuntan a que se trat\u00f3 de un disparo efectuado al aire durante los festejos navide\u00f1os. Los peritajes del proyectil, una vez que sea posible su extracci\u00f3n mediante cirug\u00eda, ser\u00e1n fundamentales para avanzar en la causa.<\/p>\n<p>En el lugar del hecho, la Polic\u00eda Cient\u00edfica <strong>secuestr\u00f3 varias vainas servidas<\/strong> en domicilios cercanos, que ser\u00e1n analizadas para intentar rastrear el origen del disparo. Adem\u00e1s, se revisan las im\u00e1genes de las c\u00e1maras de seguridad de la zona con el objetivo de determinar la trayectoria de la bala y precisar la ubicaci\u00f3n desde la que fue disparada.<\/p>\n<p>Familiares de la menor relataron a la prensa que el incidente ocurri\u00f3 apenas pasada la medianoche, en un contexto de celebraci\u00f3n en el que varios ni\u00f1os se encontraban presentes. Expresaron su preocupaci\u00f3n e hicieron un llamado a las autoridades para que la investigaci\u00f3n avance con celeridad, adem\u00e1s de manifestar que otros vecinos tambi\u00e9n reportaron el hallazgo de balas en sus hogares durante Nochebuena.<\/p>\n<p>Desde el sanatorio informaron que <strong>no se brindar\u00e1 un parte m\u00e9dico oficial<\/strong> hasta nuevo aviso, decisi\u00f3n consensuada con la familia de la v\u00edctima. Por el momento, la intervenci\u00f3n quir\u00fargica sigue pendiente y el cuadro de salud de la menor contin\u00faa siendo reservado.<\/p>\n","protected":false},"excerpt":{"rendered":"<p>La menor permanece internada en terapia intensiva tras recibir un disparo en la cabeza mientras celebraba Nochebuena con su familia en Villa Sarmiento.<\/p>\n","protected":false},"author":1,"featured_media":146384,"comment_status":"","ping_status":"","sticky":false,"template":"","format":"standard","meta":{"om_disable_all_campaigns":false,"_jetpack_memberships_contains_paid_content":false,"footnotes":""},"categories":[3],"tags":[],"class_list":["post-146385","post","type-post","status-publish","format-standard","has-post-thumbnail","hentry","category-nacionales"],"aioseo_notices":[],"gutentor_comment":0,"jetpack_featured_media_url":"https:\/\/eldiariodesanpedro.com.ar\/sitio\/wp-content\/uploads\/2025\/12\/DJJYPU5Q7ZE77O4DWJ573PGLUA.jpg","jetpack_shortlink":"https:\/\/wp.me\/p6RhLt-C53","jetpack_sharing_enabled":true,"_links":{"self":[{"href":"https:\/\/eldiariodesanpedro.com.ar\/sitio\/wp-json\/wp\/v2\/posts\/146385","targetHints":{"allow":["GET"]}}],"collection":[{"href":"https:\/\/eldiariodesanpedro.com.ar\/sitio\/wp-json\/wp\/v2\/posts"}],"about":[{"href":"https:\/\/eldiariodesanpedro.com.ar\/sitio\/wp-json\/wp\/v2\/types\/post"}],"author":[{"embeddable":true,"href":"https:\/\/eldiariodesanpedro.com.ar\/sitio\/wp-json\/wp\/v2\/users\/1"}],"replies":[{"embeddable":true,"href":"https:\/\/eldiariodesanpedro.com.ar\/sitio\/wp-json\/wp\/v2\/comments?post=146385"}],"version-history":[{"count":0,"href":"https:\/\/eldiariodesanpedro.com.ar\/sitio\/wp-json\/wp\/v2\/posts\/146385\/revisions"}],"wp:featuredmedia":[{"embeddable":true,"href":"https:\/\/eldiariodesanpedro.com.ar\/sitio\/wp-json\/wp\/v2\/media\/146384"}],"wp:attachment":[{"href":"https:\/\/eldiariodesanpedro.com.ar\/sitio\/wp-json\/wp\/v2\/media?parent=146385"}],"wp:term":[{"taxonomy":"category","embeddable":true,"href":"https:\/\/eldiariodesanpedro.com.ar\/sitio\/wp-json\/wp\/v2\/categories?post=146385"},{"taxonomy":"post_tag","embeddable":true,"href":"https:\/\/eldiariodesanpedro.com.ar\/sitio\/wp-json\/wp\/v2\/tags?post=146385"}],"curies":[{"name":"wp","href":"https:\/\/api.w.org\/{rel}","templated":true}]}}