{"id":146379,"date":"2025-12-26T11:10:26","date_gmt":"2025-12-26T14:10:26","guid":{"rendered":"https:\/\/eldiariodesanpedro.com.ar\/sitio\/inflacion-de-diciembre-impacto-en-el-dolar-ganancias-y-monotributo\/"},"modified":"2025-12-26T11:10:26","modified_gmt":"2025-12-26T14:10:26","slug":"inflacion-de-diciembre-impacto-en-el-dolar-ganancias-y-monotributo","status":"publish","type":"post","link":"https:\/\/eldiariodesanpedro.com.ar\/sitio\/inflacion-de-diciembre-impacto-en-el-dolar-ganancias-y-monotributo\/","title":{"rendered":"Inflaci\u00f3n de Diciembre: Impacto en el D\u00f3lar, Ganancias y Monotributo"},"content":{"rendered":"<p><!-- VideographyWP Plugin Message: Automatic video embedding prevented by plugin options. --><\/p>\n<p><strong>El cierre de diciembre marcar\u00e1 un momento clave para la econom\u00eda argentina<\/strong>, ya que la cifra final del \u00cdndice de Precios al Consumidor determinar\u00e1 diversos par\u00e1metros econ\u00f3micos de cara a 2025. Consultoras privadas anticipan que el nivel de inflaci\u00f3n podr\u00eda mantenerse en torno al 2,5%, el mismo porcentaje registrado en noviembre.<\/p>\n<p>Este escenario implicar\u00eda <strong>cinco meses consecutivos de aceleraci\u00f3n de precios<\/strong>, lo que supone un desaf\u00edo para el ministro de Econom\u00eda, Luis Caputo. El dato de inflaci\u00f3n no solo incide en la evoluci\u00f3n del d\u00f3lar oficial, sino que tambi\u00e9n define las escalas del impuesto a las Ganancias y los nuevos topes del monotributo, seg\u00fan lo establece la Ley 27.743.<\/p>\n<p><strong>En el marco del programa econ\u00f3mico vigente<\/strong>, el ajuste de las bandas cambiarias para enero ser\u00e1 del 2,5% sobre el d\u00f3lar, de acuerdo con la inflaci\u00f3n de noviembre. El presidente del Banco Central, Santiago Bausili, se\u00f1al\u00f3 que este mecanismo no necesariamente provocar\u00e1 una suba autom\u00e1tica del tipo de cambio, dejando abierta la posibilidad de intervenciones oficiales si se supera el l\u00edmite previsto.<\/p>\n<p>Al cierre de diciembre, la <strong>banda superior cambiar\u00eda<\/strong> alcanzar\u00e1 los $1.526,60. Con el ajuste proyectado, el d\u00f3lar mayorista podr\u00eda llegar hasta $1.563,51 a fin de enero, y si en diciembre se confirma una inflaci\u00f3n del 2,5%, el techo escalar\u00eda a $1.602,59 para febrero.<\/p>\n<p>Entre julio y noviembre, el Instituto Nacional de Estad\u00edstica y Censos report\u00f3 una <strong>inflaci\u00f3n acumulada del 11,17%<\/strong>. Si el indicador de diciembre repite el 2,5%, el aumento total de precios en el semestre alcanzar\u00eda el 13,95%. Bajo estos c\u00e1lculos, el piso salarial para tributar Ganancias subir\u00eda a $2.990.367,06 para solteros y $3.934.693,5 para casados con dos hijos a partir de enero. Asimismo, el monotributo ver\u00e1 incrementados sus l\u00edmites de facturaci\u00f3n: en la categor\u00eda A, el tope anual escalar\u00eda a $10.247.058,4, mientras que para la categor\u00eda K trepar\u00eda a $108.031.076, con aumentos similares en el impuesto integrado que pagan los contribuyentes.<\/p>\n<p>El comportamiento de los precios en diciembre, seg\u00fan relevamientos privados, muestra matices. La consultora LCG indic\u00f3 que <strong>alimentos y bebidas no alcoh\u00f3licas tuvieron una leve baja del 0,3% semanal<\/strong>, con la carne explicando el 74% de la inflaci\u00f3n mensual debido a fuertes subas registradas previamente. Otros rubros, como panificados, presentaron bajas, mientras que frutas y bebidas experimentaron subas moderadas.<\/p>\n<p>Por su parte, Analytica se\u00f1al\u00f3 que durante la tercera semana del mes los precios de alimentos y bebidas en el Gran Buenos Aires mostraron un alza semanal del 0,9%. La proyecci\u00f3n de la consultora para el conjunto de precios es de un incremento mensual del 2,5%, en l\u00ednea con lo sucedido en noviembre. El mayor aumento se vio en frutas, que subieron 7,3% en cuatro semanas, seguidas por carnes y derivados con 4,8%. En contraste, los precios de verduras retrocedieron un 1,8%.<\/p>\n<p>En conclusi\u00f3n, <strong>el dato de inflaci\u00f3n de diciembre ser\u00e1 fundamental<\/strong> para la pol\u00edtica cambiaria y fiscal, ya que determinar\u00e1 los ajustes en el d\u00f3lar, los m\u00ednimos de Ganancias y los valores de facturaci\u00f3n del monotributo para el a\u00f1o pr\u00f3ximo.<\/p>\n","protected":false},"excerpt":{"rendered":"<p>El dato de inflaci\u00f3n de diciembre ser\u00e1 crucial para el ajuste del d\u00f3lar, el impuesto a las Ganancias y los l\u00edmites del monotributo en 2025.<\/p>\n","protected":false},"author":1,"featured_media":146378,"comment_status":"","ping_status":"","sticky":false,"template":"","format":"standard","meta":{"om_disable_all_campaigns":false,"_jetpack_memberships_contains_paid_content":false,"footnotes":""},"categories":[3],"tags":[],"class_list":["post-146379","post","type-post","status-publish","format-standard","has-post-thumbnail","hentry","category-nacionales"],"aioseo_notices":[],"gutentor_comment":0,"jetpack_featured_media_url":"https:\/\/eldiariodesanpedro.com.ar\/sitio\/wp-content\/uploads\/2025\/12\/OQLFAFWYKBBUTDKMZELEC2GWVM.jpg","jetpack_shortlink":"https:\/\/wp.me\/p6RhLt-C4X","jetpack_sharing_enabled":true,"_links":{"self":[{"href":"https:\/\/eldiariodesanpedro.com.ar\/sitio\/wp-json\/wp\/v2\/posts\/146379","targetHints":{"allow":["GET"]}}],"collection":[{"href":"https:\/\/eldiariodesanpedro.com.ar\/sitio\/wp-json\/wp\/v2\/posts"}],"about":[{"href":"https:\/\/eldiariodesanpedro.com.ar\/sitio\/wp-json\/wp\/v2\/types\/post"}],"author":[{"embeddable":true,"href":"https:\/\/eldiariodesanpedro.com.ar\/sitio\/wp-json\/wp\/v2\/users\/1"}],"replies":[{"embeddable":true,"href":"https:\/\/eldiariodesanpedro.com.ar\/sitio\/wp-json\/wp\/v2\/comments?post=146379"}],"version-history":[{"count":0,"href":"https:\/\/eldiariodesanpedro.com.ar\/sitio\/wp-json\/wp\/v2\/posts\/146379\/revisions"}],"wp:featuredmedia":[{"embeddable":true,"href":"https:\/\/eldiariodesanpedro.com.ar\/sitio\/wp-json\/wp\/v2\/media\/146378"}],"wp:attachment":[{"href":"https:\/\/eldiariodesanpedro.com.ar\/sitio\/wp-json\/wp\/v2\/media?parent=146379"}],"wp:term":[{"taxonomy":"category","embeddable":true,"href":"https:\/\/eldiariodesanpedro.com.ar\/sitio\/wp-json\/wp\/v2\/categories?post=146379"},{"taxonomy":"post_tag","embeddable":true,"href":"https:\/\/eldiariodesanpedro.com.ar\/sitio\/wp-json\/wp\/v2\/tags?post=146379"}],"curies":[{"name":"wp","href":"https:\/\/api.w.org\/{rel}","templated":true}]}}