{"id":146372,"date":"2025-12-26T11:49:15","date_gmt":"2025-12-26T14:49:15","guid":{"rendered":"https:\/\/eldiariodesanpedro.com.ar\/sitio\/?p=146372"},"modified":"2025-12-26T11:49:19","modified_gmt":"2025-12-26T14:49:19","slug":"investigan-una-brutal-agresion-a-un-hombre-de-unos-60-anos-que-permanece-en-grave-estado","status":"publish","type":"post","link":"https:\/\/eldiariodesanpedro.com.ar\/sitio\/investigan-una-brutal-agresion-a-un-hombre-de-unos-60-anos-que-permanece-en-grave-estado\/","title":{"rendered":"Investigan una brutal agresi\u00f3n a un hombre de unos 60 a\u00f1os que permanece en grave estado"},"content":{"rendered":"<!-- VideographyWP Plugin Message: Automatic video embedding prevented by plugin options. -->\n\n<p>Un hombre de aproximadamente 60 a\u00f1os permanece internado en estado cr\u00edtico tras sufrir una violenta agresi\u00f3n en la v\u00eda p\u00fablica. La Justicia investiga lo ocurrido.<\/p>\n\n\n\n<p>Un <strong>hombre de alrededor de 60 a\u00f1os<\/strong> se encuentra <strong>internado en grave estado<\/strong> luego de haber sufrido <strong>fuertes golpes en la cabeza<\/strong>, en un hecho que es <strong>materia de investigaci\u00f3n judicial<\/strong>.<\/p>\n\n\n\n<p>La situaci\u00f3n fue confirmada por el <strong>Dr. Jos\u00e9 Herbas<\/strong>, director del servicio de emergencias y titular de la guardia del <strong>Hospital Subzonal \u201cDr. Emilio Ruffa\u201d<\/strong>, quien brind\u00f3 detalles sobre el estado de salud del paciente.<\/p>\n\n\n\n<p>Seg\u00fan se inform\u00f3, el hombre fue <strong>asistido por una ambulancia del SAME<\/strong> tras un <strong>llamado al 107<\/strong>, que alert\u00f3 que se encontraba <strong>tendido en la v\u00eda p\u00fablica<\/strong>, presuntamente luego de haber sido <strong>v\u00edctima de una golpiza<\/strong>.<\/p>\n\n\n\n<p>Una vez ingresado a la guardia, se le realizaron <strong>estudios m\u00e9dicos de urgencia<\/strong>, los cuales permitieron constatar que presentaba un <strong>traumatismo de cr\u00e1neo con sangrado<\/strong>, una lesi\u00f3n de extrema gravedad.<\/p>\n\n\n\n<p>Herbas explic\u00f3 que, si bien se evalu\u00f3 inicialmente la posibilidad de un <strong>traslado a un centro de mayor complejidad en Pergamino<\/strong>, el equipo de <strong>neur\u00f3logos determin\u00f3 que por el momento no es necesaria una intervenci\u00f3n quir\u00fargica<\/strong>, por lo que el paciente contin\u00faa bajo <strong>estricto control m\u00e9dico<\/strong>.<\/p>\n\n\n\n<p>Mientras tanto, la <strong>Justicia avanza con la investigaci\u00f3n<\/strong> para esclarecer las circunstancias en las que se produjo la agresi\u00f3n y determinar responsabilidades.<\/p>\n\n\n\n<p><\/p>\n","protected":false},"excerpt":{"rendered":"<p>Un hombre de aproximadamente 60 a\u00f1os permanece internado en estado cr\u00edtico tras sufrir una violenta agresi\u00f3n en la v\u00eda p\u00fablica. La Justicia investiga lo ocurrido. Un hombre de alrededor de 60 a\u00f1os se encuentra internado en grave estado luego de haber sufrido fuertes golpes en la cabeza, en un hecho que es materia de investigaci\u00f3n [&hellip;]<\/p>\n","protected":false},"author":4,"featured_media":75019,"comment_status":"closed","ping_status":"closed","sticky":false,"template":"","format":"standard","meta":{"om_disable_all_campaigns":false,"_jetpack_memberships_contains_paid_content":false,"footnotes":""},"categories":[2],"tags":[],"class_list":["post-146372","post","type-post","status-publish","format-standard","has-post-thumbnail","hentry","category-locales"],"aioseo_notices":[],"gutentor_comment":0,"jetpack_featured_media_url":"https:\/\/eldiariodesanpedro.com.ar\/sitio\/wp-content\/uploads\/2020\/06\/guardia-1.jpg","jetpack_shortlink":"https:\/\/wp.me\/p6RhLt-C4Q","jetpack_sharing_enabled":true,"_links":{"self":[{"href":"https:\/\/eldiariodesanpedro.com.ar\/sitio\/wp-json\/wp\/v2\/posts\/146372","targetHints":{"allow":["GET"]}}],"collection":[{"href":"https:\/\/eldiariodesanpedro.com.ar\/sitio\/wp-json\/wp\/v2\/posts"}],"about":[{"href":"https:\/\/eldiariodesanpedro.com.ar\/sitio\/wp-json\/wp\/v2\/types\/post"}],"author":[{"embeddable":true,"href":"https:\/\/eldiariodesanpedro.com.ar\/sitio\/wp-json\/wp\/v2\/users\/4"}],"replies":[{"embeddable":true,"href":"https:\/\/eldiariodesanpedro.com.ar\/sitio\/wp-json\/wp\/v2\/comments?post=146372"}],"version-history":[{"count":1,"href":"https:\/\/eldiariodesanpedro.com.ar\/sitio\/wp-json\/wp\/v2\/posts\/146372\/revisions"}],"predecessor-version":[{"id":146386,"href":"https:\/\/eldiariodesanpedro.com.ar\/sitio\/wp-json\/wp\/v2\/posts\/146372\/revisions\/146386"}],"wp:featuredmedia":[{"embeddable":true,"href":"https:\/\/eldiariodesanpedro.com.ar\/sitio\/wp-json\/wp\/v2\/media\/75019"}],"wp:attachment":[{"href":"https:\/\/eldiariodesanpedro.com.ar\/sitio\/wp-json\/wp\/v2\/media?parent=146372"}],"wp:term":[{"taxonomy":"category","embeddable":true,"href":"https:\/\/eldiariodesanpedro.com.ar\/sitio\/wp-json\/wp\/v2\/categories?post=146372"},{"taxonomy":"post_tag","embeddable":true,"href":"https:\/\/eldiariodesanpedro.com.ar\/sitio\/wp-json\/wp\/v2\/tags?post=146372"}],"curies":[{"name":"wp","href":"https:\/\/api.w.org\/{rel}","templated":true}]}}