{"id":14636,"date":"2017-02-13T21:41:34","date_gmt":"2017-02-14T00:41:34","guid":{"rendered":"https:\/\/eldiariodesanpedro.com.ar\/sitio\/?p=14636"},"modified":"2017-02-13T21:41:34","modified_gmt":"2017-02-14T00:41:34","slug":"accidente-ruta-9-una-persona-fallecio-al-impactar-dos-autos-de-frente","status":"publish","type":"post","link":"https:\/\/eldiariodesanpedro.com.ar\/sitio\/accidente-ruta-9-una-persona-fallecio-al-impactar-dos-autos-de-frente\/","title":{"rendered":"Accidente Ruta 9: Una persona falleci\u00f3 al impactar dos autos de frente"},"content":{"rendered":"<p><!-- VideographyWP Plugin Message: Automatic video embedding prevented by plugin options. --><br \/>\nOtro accidente se produjo en la jornada del domingo, cerca de las 20.30 hs. En esta oportunidad dos veh\u00edculos, por causas que se tratan de establecer.<\/p>\n<p>Bomberos Voluntarios del destacamento de Gdor, Castro arribaron en principio al lugar ante la presencia de personas atrapadas. En tanto que una unidad de nuestra ciudad tambi\u00e9n lleg\u00f3 en apoyo.<\/p>\n<p>Un Chevrolet Corsa con tres persona a bordo, se cruz\u00f3 de carril e impact\u00f3 de frente con una camioneta Ranult Kangoo, en la que se dirig\u00edan 5 personas. Una de ella, un hombre identificado como Luciano Ram\u00edrez, de 56 a\u00f1os, oriundo de Berazategui; muri\u00f3 por el fuerte impacto. Mientras que el resto, entre ellos cuatro menores,  tienen lesiones de diversas consideraci\u00f3n.  <\/p>\n<p>En total ingresaron siete personas al Hospital como consecuencia del grave siniestro ocurrido anoche en el Km. 183 de la Ruta 9, donde falleci\u00f3 una persona de sexo masculino de 56 a\u00f1os.<\/p>\n<p>Seg\u00fan se pudo establecer, tres de ellos se encuentran en estado delicado. Un hombre de 67 a\u00f1os tuvo traumatismos en cadera y rodilla, mientras que uno 53 a\u00f1os sufri\u00f3 lesiones de cr\u00e1neo con p\u00e9rdida de conocimiento, fue derivado a San Nicol\u00e1s para un estudio tomogr\u00e1fico. En tanto que otro de 38 tiene un fuerte traumatismo abdominal y de t\u00f3rax.<\/p>\n<p>En tanto que una mujer de 50 a\u00f1os tiene un fuerte golpe en el cr\u00e1neo, una herida en el cuero cabelludo y  fractura de pelvis.<br \/>\nAl tiempo que una ni\u00f1a 14 a\u00f1os tiene traumatismo en los miembros inferiores y 2 menores m\u00e1s, de 10 y 12, que fueron atendido en la guardia de pediatr\u00eda ten\u00edan lesiones leves.<\/p>\n","protected":false},"excerpt":{"rendered":"<p>Otro accidente se produjo en la jornada del domingo, cerca de las 20.30 hs. En esta oportunidad dos veh\u00edculos, por causas que se tratan de establecer. Bomberos Voluntarios del destacamento de Gdor, Castro arribaron en principio al lugar ante la presencia de personas atrapadas. En tanto que una unidad de nuestra ciudad tambi\u00e9n lleg\u00f3 en [&hellip;]<\/p>\n","protected":false},"author":4,"featured_media":14637,"comment_status":"open","ping_status":"closed","sticky":false,"template":"","format":"standard","meta":{"om_disable_all_campaigns":false,"_jetpack_memberships_contains_paid_content":false,"footnotes":""},"categories":[50,2,103],"tags":[],"class_list":["post-14636","post","type-post","status-publish","format-standard","has-post-thumbnail","hentry","category-destacadas","category-locales","category-policiales-locales"],"aioseo_notices":[],"gutentor_comment":0,"jetpack_featured_media_url":"https:\/\/eldiariodesanpedro.com.ar\/sitio\/wp-content\/uploads\/2017\/02\/El-siniestro-ocurrido-en-la-Ruta-9-al-impactar-dos-autos-de-frente.jpeg","jetpack_shortlink":"https:\/\/wp.me\/p6RhLt-3O4","jetpack_sharing_enabled":true,"_links":{"self":[{"href":"https:\/\/eldiariodesanpedro.com.ar\/sitio\/wp-json\/wp\/v2\/posts\/14636","targetHints":{"allow":["GET"]}}],"collection":[{"href":"https:\/\/eldiariodesanpedro.com.ar\/sitio\/wp-json\/wp\/v2\/posts"}],"about":[{"href":"https:\/\/eldiariodesanpedro.com.ar\/sitio\/wp-json\/wp\/v2\/types\/post"}],"author":[{"embeddable":true,"href":"https:\/\/eldiariodesanpedro.com.ar\/sitio\/wp-json\/wp\/v2\/users\/4"}],"replies":[{"embeddable":true,"href":"https:\/\/eldiariodesanpedro.com.ar\/sitio\/wp-json\/wp\/v2\/comments?post=14636"}],"version-history":[{"count":1,"href":"https:\/\/eldiariodesanpedro.com.ar\/sitio\/wp-json\/wp\/v2\/posts\/14636\/revisions"}],"predecessor-version":[{"id":14638,"href":"https:\/\/eldiariodesanpedro.com.ar\/sitio\/wp-json\/wp\/v2\/posts\/14636\/revisions\/14638"}],"wp:featuredmedia":[{"embeddable":true,"href":"https:\/\/eldiariodesanpedro.com.ar\/sitio\/wp-json\/wp\/v2\/media\/14637"}],"wp:attachment":[{"href":"https:\/\/eldiariodesanpedro.com.ar\/sitio\/wp-json\/wp\/v2\/media?parent=14636"}],"wp:term":[{"taxonomy":"category","embeddable":true,"href":"https:\/\/eldiariodesanpedro.com.ar\/sitio\/wp-json\/wp\/v2\/categories?post=14636"},{"taxonomy":"post_tag","embeddable":true,"href":"https:\/\/eldiariodesanpedro.com.ar\/sitio\/wp-json\/wp\/v2\/tags?post=14636"}],"curies":[{"name":"wp","href":"https:\/\/api.w.org\/{rel}","templated":true}]}}