{"id":146340,"date":"2025-12-25T23:31:11","date_gmt":"2025-12-26T02:31:11","guid":{"rendered":"https:\/\/eldiariodesanpedro.com.ar\/sitio\/andres-franzoia-encabezara-el-cuerpo-tecnico-de-parana-en-la-temporada-2026\/"},"modified":"2025-12-25T23:31:11","modified_gmt":"2025-12-26T02:31:11","slug":"andres-franzoia-encabezara-el-cuerpo-tecnico-de-parana-en-la-temporada-2026","status":"publish","type":"post","link":"https:\/\/eldiariodesanpedro.com.ar\/sitio\/andres-franzoia-encabezara-el-cuerpo-tecnico-de-parana-en-la-temporada-2026\/","title":{"rendered":"Andr\u00e9s Franzoia Encabezar\u00e1 el Cuerpo T\u00e9cnico de Paran\u00e1 en la Temporada 2026"},"content":{"rendered":"<p><!-- VideographyWP Plugin Message: Automatic video embedding prevented by plugin options. --><\/p>\n<p><strong>Andr\u00e9s Franzoia<\/strong> asumir\u00e1 el liderazgo del cuerpo t\u00e9cnico de <strong>Club Paran\u00e1<\/strong> durante la temporada 2026, seg\u00fan inform\u00f3 oficialmente la instituci\u00f3n a trav\u00e9s de un comunicado en sus redes sociales.<\/p>\n<p>La presentaci\u00f3n oficial incluy\u00f3 la confirmaci\u00f3n de los profesionales que acompa\u00f1ar\u00e1n a Franzoia, entre quienes se destacan <strong>Diego Gottardi, Diego Evandri, Santiago Atia, Gaspar Salaberry y Pablo Cappelletti<\/strong>. El club hizo \u00e9nfasis en la importancia del regreso de Franzoia y agradeci\u00f3 su decisi\u00f3n de sumarse al proyecto.<\/p>\n<p>Con esta designaci\u00f3n, Paran\u00e1 apuesta a una nueva etapa para su <strong>Primera Divisi\u00f3n<\/strong>, marcando el inicio de un ciclo en el que el club deposit\u00f3 expectativas y optimismo de cara a los pr\u00f3ximos desaf\u00edos deportivos.<\/p>\n","protected":false},"excerpt":{"rendered":"<p>El Club Paran\u00e1 confirm\u00f3 la llegada de Andr\u00e9s Franzoia como l\u00edder del cuerpo t\u00e9cnico para la Primera Divisi\u00f3n en la pr\u00f3xima temporada.<\/p>\n","protected":false},"author":1,"featured_media":146339,"comment_status":"","ping_status":"","sticky":false,"template":"","format":"standard","meta":{"om_disable_all_campaigns":false,"_jetpack_memberships_contains_paid_content":false,"footnotes":""},"categories":[101],"tags":[],"class_list":["post-146340","post","type-post","status-publish","format-standard","has-post-thumbnail","hentry","category-interes-general-locales"],"aioseo_notices":[],"gutentor_comment":0,"jetpack_featured_media_url":"https:\/\/eldiariodesanpedro.com.ar\/sitio\/wp-content\/uploads\/2025\/12\/605929242_18299381683284615_4321144025731647038_n-2.jpg","jetpack_shortlink":"https:\/\/wp.me\/p6RhLt-C4k","jetpack_sharing_enabled":true,"_links":{"self":[{"href":"https:\/\/eldiariodesanpedro.com.ar\/sitio\/wp-json\/wp\/v2\/posts\/146340","targetHints":{"allow":["GET"]}}],"collection":[{"href":"https:\/\/eldiariodesanpedro.com.ar\/sitio\/wp-json\/wp\/v2\/posts"}],"about":[{"href":"https:\/\/eldiariodesanpedro.com.ar\/sitio\/wp-json\/wp\/v2\/types\/post"}],"author":[{"embeddable":true,"href":"https:\/\/eldiariodesanpedro.com.ar\/sitio\/wp-json\/wp\/v2\/users\/1"}],"replies":[{"embeddable":true,"href":"https:\/\/eldiariodesanpedro.com.ar\/sitio\/wp-json\/wp\/v2\/comments?post=146340"}],"version-history":[{"count":0,"href":"https:\/\/eldiariodesanpedro.com.ar\/sitio\/wp-json\/wp\/v2\/posts\/146340\/revisions"}],"wp:featuredmedia":[{"embeddable":true,"href":"https:\/\/eldiariodesanpedro.com.ar\/sitio\/wp-json\/wp\/v2\/media\/146339"}],"wp:attachment":[{"href":"https:\/\/eldiariodesanpedro.com.ar\/sitio\/wp-json\/wp\/v2\/media?parent=146340"}],"wp:term":[{"taxonomy":"category","embeddable":true,"href":"https:\/\/eldiariodesanpedro.com.ar\/sitio\/wp-json\/wp\/v2\/categories?post=146340"},{"taxonomy":"post_tag","embeddable":true,"href":"https:\/\/eldiariodesanpedro.com.ar\/sitio\/wp-json\/wp\/v2\/tags?post=146340"}],"curies":[{"name":"wp","href":"https:\/\/api.w.org\/{rel}","templated":true}]}}