{"id":146295,"date":"2025-12-24T14:23:07","date_gmt":"2025-12-24T17:23:07","guid":{"rendered":"https:\/\/eldiariodesanpedro.com.ar\/sitio\/?p=146295"},"modified":"2025-12-24T14:23:12","modified_gmt":"2025-12-24T17:23:12","slug":"motochorro-asalta-a-una-mujer-en-bicicleta-y-le-roba-la-rinonera-en-plena-via-publica","status":"publish","type":"post","link":"https:\/\/eldiariodesanpedro.com.ar\/sitio\/motochorro-asalta-a-una-mujer-en-bicicleta-y-le-roba-la-rinonera-en-plena-via-publica\/","title":{"rendered":"Motochorro asalta a una mujer en bicicleta y le roba la ri\u00f1onera en plena v\u00eda p\u00fablica"},"content":{"rendered":"<!-- VideographyWP Plugin Message: Automatic video embedding prevented by plugin options. -->\n\n<p>Un nuevo hecho de <strong>inseguridad urbana<\/strong> se registr\u00f3 cuando un <strong>motochorro asalt\u00f3 a una mujer<\/strong> que circulaba en bicicleta y <strong>le rob\u00f3 la ri\u00f1onera con sus pertenencias personales en plena v\u00eda p\u00fablica<\/strong>.<\/p>\n\n\n\n<p>El episodio ocurri\u00f3 en la intersecci\u00f3n de <strong>Oliveira C\u00e9zar y avenida Sarmiento<\/strong>, donde la v\u00edctima fue <strong>sorprendida por un delincuente que se desplazaba en motocicleta<\/strong>. Mediante una r\u00e1pida maniobra, el sujeto <strong>la encerr\u00f3 contra un veh\u00edculo estacionado<\/strong> y le arrebat\u00f3 la ri\u00f1onera en cuesti\u00f3n de segundos.<\/p>\n\n\n\n<p>Dentro de la ri\u00f1onera, la mujer llevaba <strong>documentaci\u00f3n personal, tarjetas de cr\u00e9dito y d\u00e9bito y un tel\u00e9fono celular<\/strong>, elementos que fueron sustra\u00eddos durante el robo.<\/p>\n\n\n\n<p>Tras cometer el asalto, el <strong>delincuente huy\u00f3 r\u00e1pidamente del lugar<\/strong>, mientras la v\u00edctima qued\u00f3 visiblemente afectada por la situaci\u00f3n. <\/p>\n","protected":false},"excerpt":{"rendered":"<p>Un nuevo hecho de inseguridad urbana se registr\u00f3 cuando un motochorro asalt\u00f3 a una mujer que circulaba en bicicleta y le rob\u00f3 la ri\u00f1onera con sus pertenencias personales en plena v\u00eda p\u00fablica. El episodio ocurri\u00f3 en la intersecci\u00f3n de Oliveira C\u00e9zar y avenida Sarmiento, donde la v\u00edctima fue sorprendida por un delincuente que se desplazaba [&hellip;]<\/p>\n","protected":false},"author":4,"featured_media":45394,"comment_status":"closed","ping_status":"closed","sticky":false,"template":"","format":"standard","meta":{"om_disable_all_campaigns":false,"_jetpack_memberships_contains_paid_content":false,"footnotes":""},"categories":[2,103],"tags":[7984,7982,7980,7412,7983,7981],"class_list":["post-146295","post","type-post","status-publish","format-standard","has-post-thumbnail","hentry","category-locales","category-policiales-locales","tag-documentacion-robada","tag-inseguridad-urbana","tag-motochorro-asalto-mujer","tag-policiales-san-pedro","tag-robo-en-via-publica","tag-robo-rinonera-bicicleta"],"aioseo_notices":[],"gutentor_comment":0,"jetpack_featured_media_url":"https:\/\/eldiariodesanpedro.com.ar\/sitio\/wp-content\/uploads\/2019\/01\/comisaria.jpg","jetpack_shortlink":"https:\/\/wp.me\/p6RhLt-C3B","jetpack_sharing_enabled":true,"_links":{"self":[{"href":"https:\/\/eldiariodesanpedro.com.ar\/sitio\/wp-json\/wp\/v2\/posts\/146295","targetHints":{"allow":["GET"]}}],"collection":[{"href":"https:\/\/eldiariodesanpedro.com.ar\/sitio\/wp-json\/wp\/v2\/posts"}],"about":[{"href":"https:\/\/eldiariodesanpedro.com.ar\/sitio\/wp-json\/wp\/v2\/types\/post"}],"author":[{"embeddable":true,"href":"https:\/\/eldiariodesanpedro.com.ar\/sitio\/wp-json\/wp\/v2\/users\/4"}],"replies":[{"embeddable":true,"href":"https:\/\/eldiariodesanpedro.com.ar\/sitio\/wp-json\/wp\/v2\/comments?post=146295"}],"version-history":[{"count":1,"href":"https:\/\/eldiariodesanpedro.com.ar\/sitio\/wp-json\/wp\/v2\/posts\/146295\/revisions"}],"predecessor-version":[{"id":146296,"href":"https:\/\/eldiariodesanpedro.com.ar\/sitio\/wp-json\/wp\/v2\/posts\/146295\/revisions\/146296"}],"wp:featuredmedia":[{"embeddable":true,"href":"https:\/\/eldiariodesanpedro.com.ar\/sitio\/wp-json\/wp\/v2\/media\/45394"}],"wp:attachment":[{"href":"https:\/\/eldiariodesanpedro.com.ar\/sitio\/wp-json\/wp\/v2\/media?parent=146295"}],"wp:term":[{"taxonomy":"category","embeddable":true,"href":"https:\/\/eldiariodesanpedro.com.ar\/sitio\/wp-json\/wp\/v2\/categories?post=146295"},{"taxonomy":"post_tag","embeddable":true,"href":"https:\/\/eldiariodesanpedro.com.ar\/sitio\/wp-json\/wp\/v2\/tags?post=146295"}],"curies":[{"name":"wp","href":"https:\/\/api.w.org\/{rel}","templated":true}]}}