{"id":146291,"date":"2025-12-24T13:56:32","date_gmt":"2025-12-24T16:56:32","guid":{"rendered":"https:\/\/eldiariodesanpedro.com.ar\/sitio\/reunion-entre-el-intendente-salazar-y-la-jefa-policial-para-reforzar-la-seguridad-en-san-pedro\/"},"modified":"2025-12-24T14:14:27","modified_gmt":"2025-12-24T17:14:27","slug":"reunion-entre-el-intendente-salazar-y-la-jefa-policial-para-reforzar-la-seguridad-en-san-pedro","status":"publish","type":"post","link":"https:\/\/eldiariodesanpedro.com.ar\/sitio\/reunion-entre-el-intendente-salazar-y-la-jefa-policial-para-reforzar-la-seguridad-en-san-pedro\/","title":{"rendered":"Reuni\u00f3n entre el intendente Salazar y la jefa policial para reforzar la seguridad en San Pedro"},"content":{"rendered":"<p><!-- VideographyWP Plugin Message: Automatic video embedding prevented by plugin options. --><\/p>\n<p><strong>Cecilio Salazar<\/strong>, intendente de San Pedro, encabez\u00f3 una reuni\u00f3n clave junto a la subcomisario <strong>Paola Vela<\/strong>, jefa de la Estaci\u00f3n de Polic\u00eda Comunal, para analizar los resultados del accionar policial y proyectar nuevas estrategias de prevenci\u00f3n en la ciudad.<\/p>\n<p>El encuentro se celebr\u00f3 en el despacho municipal y cont\u00f3 tambi\u00e9n con la presencia del presidente del Honorable Concejo Deliberante, <strong>Mart\u00edn Baraybar<\/strong>. Durante la jornada, la responsable policial present\u00f3 un informe detallado sobre las tareas realizadas bajo su gesti\u00f3n, destacando los avances y los desaf\u00edos pendientes en materia de seguridad local.<\/p>\n<p>En este \u00e1mbito de trabajo conjunto, <strong>Vela se\u00f1al\u00f3 la necesidad de disponer herramientas y recursos adicionales<\/strong> para fortalecer la labor cotidiana de la Polic\u00eda Comunal en San Pedro, buscando optimizar el servicio a la comunidad.<\/p>\n<p>Por su parte, <strong>Salazar reafirm\u00f3 el compromiso del Ejecutivo<\/strong> local para continuar impulsando pol\u00edticas articuladas entre el municipio y las fuerzas de seguridad, insistiendo en que el respaldo estatal es un factor central para responder con eficacia a las demandas de la ciudadan\u00eda en cuestiones de prevenci\u00f3n y seguridad.<\/p>\n","protected":false},"excerpt":{"rendered":"<p>Autoridades locales analizaron el trabajo de la Polic\u00eda y coordinaron medidas para mejorar la seguridad en el distrito.<\/p>\n","protected":false},"author":4,"featured_media":146290,"comment_status":"closed","ping_status":"closed","sticky":false,"template":"","format":"standard","meta":{"om_disable_all_campaigns":false,"_jetpack_memberships_contains_paid_content":false,"footnotes":""},"categories":[50,101,2],"tags":[197,7979,696,126,19],"class_list":["post-146291","post","type-post","status-publish","format-standard","has-post-thumbnail","hentry","category-destacadas","category-interes-general-locales","category-locales","tag-buenos-aires","tag-cecilio","tag-interes-general","tag-salazar","tag-san-pedro"],"aioseo_notices":[],"gutentor_comment":0,"jetpack_featured_media_url":"https:\/\/eldiariodesanpedro.com.ar\/sitio\/wp-content\/uploads\/2025\/12\/Salazar-con-Vela-.jpg","jetpack_shortlink":"https:\/\/wp.me\/p6RhLt-C3x","jetpack_sharing_enabled":true,"_links":{"self":[{"href":"https:\/\/eldiariodesanpedro.com.ar\/sitio\/wp-json\/wp\/v2\/posts\/146291","targetHints":{"allow":["GET"]}}],"collection":[{"href":"https:\/\/eldiariodesanpedro.com.ar\/sitio\/wp-json\/wp\/v2\/posts"}],"about":[{"href":"https:\/\/eldiariodesanpedro.com.ar\/sitio\/wp-json\/wp\/v2\/types\/post"}],"author":[{"embeddable":true,"href":"https:\/\/eldiariodesanpedro.com.ar\/sitio\/wp-json\/wp\/v2\/users\/4"}],"replies":[{"embeddable":true,"href":"https:\/\/eldiariodesanpedro.com.ar\/sitio\/wp-json\/wp\/v2\/comments?post=146291"}],"version-history":[{"count":1,"href":"https:\/\/eldiariodesanpedro.com.ar\/sitio\/wp-json\/wp\/v2\/posts\/146291\/revisions"}],"predecessor-version":[{"id":146294,"href":"https:\/\/eldiariodesanpedro.com.ar\/sitio\/wp-json\/wp\/v2\/posts\/146291\/revisions\/146294"}],"wp:featuredmedia":[{"embeddable":true,"href":"https:\/\/eldiariodesanpedro.com.ar\/sitio\/wp-json\/wp\/v2\/media\/146290"}],"wp:attachment":[{"href":"https:\/\/eldiariodesanpedro.com.ar\/sitio\/wp-json\/wp\/v2\/media?parent=146291"}],"wp:term":[{"taxonomy":"category","embeddable":true,"href":"https:\/\/eldiariodesanpedro.com.ar\/sitio\/wp-json\/wp\/v2\/categories?post=146291"},{"taxonomy":"post_tag","embeddable":true,"href":"https:\/\/eldiariodesanpedro.com.ar\/sitio\/wp-json\/wp\/v2\/tags?post=146291"}],"curies":[{"name":"wp","href":"https:\/\/api.w.org\/{rel}","templated":true}]}}