{"id":14629,"date":"2017-02-13T21:29:10","date_gmt":"2017-02-14T00:29:10","guid":{"rendered":"https:\/\/eldiariodesanpedro.com.ar\/sitio\/?p=14629"},"modified":"2026-01-23T23:14:33","modified_gmt":"2026-01-24T02:14:33","slug":"cambiemos-gano-la-primera-eleccion-de-2017-en-santa-rosa","status":"publish","type":"post","link":"https:\/\/eldiariodesanpedro.com.ar\/sitio\/cambiemos-gano-la-primera-eleccion-de-2017-en-santa-rosa\/","title":{"rendered":"Cambiemos gan\u00f3 la primera elecci\u00f3n de 2017 en Santa Rosa"},"content":{"rendered":"<p><!-- VideographyWP Plugin Message: Automatic video embedding prevented by plugin options. --><br \/>\n(NA) &#8211; El frente Cambiemos se qued\u00f3 con la victoria en la primera elecci\u00f3n de 2017, que tuvo lugar en la localidad mendocina de Santa Rosa, donde se impuso Norma Trigo como nueva intendenta por el 62 por ciento de los votos.<\/p>\n<p>   La primera visita a la urnas del a\u00f1o se llev\u00f3 a cabo a trav\u00e9s del sistema de Boleta \u00danica Electr\u00f3nica, en un padr\u00f3n de 13.000 votantes.<\/p>\n<p>   Trigo se impuso ante su rival del Partido Justicialista Flor Dest\u00e9fanis por 20 puntos y se convirti\u00f3 en la primera mujer intendenta de Mendoza electa por el voto popular.<\/p>\n<p>   El subsecretario de Asuntos Electorales, Ezequiel Fern\u00e1ndez Langan, consider\u00f3 \u00abexitosa\u00bb la elecci\u00f3n local de este domingo en la que se impuso la postulante de Cambiemos.<\/p>\n<p>   El ministro del Interior, Rogelio Frigerio, y Fern\u00e1ndez Langan viajaron a Santa Rosa para acompa\u00f1ar los primeros comicios del 2017.<\/p>\n<p>   \u00abLa gente se manifest\u00f3 conforme con el sistema de boleta electr\u00f3nica y se vot\u00f3 muy r\u00e1pido\u00bb, se\u00f1al\u00f3 el subsecretario de Asuntos Electorales y se\u00f1al\u00f3 que el gobierno nacional \u00abva a volver este a\u00f1o con el debate\u00bb de la reforma pol\u00edtica, que el a\u00f1o pasado se cay\u00f3 por el no acompa\u00f1amiento del peronismo.<\/p>\n<p>   Y agreg\u00f3: \u00abPor supuesto no se llegar\u00e1 a utilizar en las elecciones nacionales legislativas de este a\u00f1o, porque no alcanzan los tiempos, pero se seguir\u00e1 debatiendo el sistema porque la idea es que los senadores sigan preguntando, ya que ten\u00edan dudas que creo que a fin de a\u00f1o se pudieron sacar\u00bb, indic\u00f3.<\/p>\n","protected":false},"excerpt":{"rendered":"<p>(NA) &#8211; El frente Cambiemos se qued\u00f3 con la victoria en la primera elecci\u00f3n de 2017, que tuvo lugar en la localidad mendocina de Santa Rosa, donde se impuso Norma Trigo como nueva intendenta por el 62 por ciento de los votos. La primera visita a la urnas del a\u00f1o se llev\u00f3 a cabo a [&hellip;]<\/p>\n","protected":false},"author":4,"featured_media":14630,"comment_status":"open","ping_status":"closed","sticky":false,"template":"","format":"standard","meta":{"om_disable_all_campaigns":false,"_jetpack_memberships_contains_paid_content":false,"footnotes":""},"categories":[3],"tags":[],"class_list":["post-14629","post","type-post","status-publish","format-standard","has-post-thumbnail","hentry","category-nacionales"],"aioseo_notices":[],"gutentor_comment":0,"jetpack_featured_media_url":"https:\/\/eldiariodesanpedro.com.ar\/sitio\/wp-content\/uploads\/2017\/02\/mendoza.jpg","jetpack_shortlink":"https:\/\/wp.me\/p6RhLt-3NX","jetpack_sharing_enabled":true,"_links":{"self":[{"href":"https:\/\/eldiariodesanpedro.com.ar\/sitio\/wp-json\/wp\/v2\/posts\/14629","targetHints":{"allow":["GET"]}}],"collection":[{"href":"https:\/\/eldiariodesanpedro.com.ar\/sitio\/wp-json\/wp\/v2\/posts"}],"about":[{"href":"https:\/\/eldiariodesanpedro.com.ar\/sitio\/wp-json\/wp\/v2\/types\/post"}],"author":[{"embeddable":true,"href":"https:\/\/eldiariodesanpedro.com.ar\/sitio\/wp-json\/wp\/v2\/users\/4"}],"replies":[{"embeddable":true,"href":"https:\/\/eldiariodesanpedro.com.ar\/sitio\/wp-json\/wp\/v2\/comments?post=14629"}],"version-history":[{"count":1,"href":"https:\/\/eldiariodesanpedro.com.ar\/sitio\/wp-json\/wp\/v2\/posts\/14629\/revisions"}],"predecessor-version":[{"id":14631,"href":"https:\/\/eldiariodesanpedro.com.ar\/sitio\/wp-json\/wp\/v2\/posts\/14629\/revisions\/14631"}],"wp:featuredmedia":[{"embeddable":true,"href":"https:\/\/eldiariodesanpedro.com.ar\/sitio\/wp-json\/wp\/v2\/media\/14630"}],"wp:attachment":[{"href":"https:\/\/eldiariodesanpedro.com.ar\/sitio\/wp-json\/wp\/v2\/media?parent=14629"}],"wp:term":[{"taxonomy":"category","embeddable":true,"href":"https:\/\/eldiariodesanpedro.com.ar\/sitio\/wp-json\/wp\/v2\/categories?post=14629"},{"taxonomy":"post_tag","embeddable":true,"href":"https:\/\/eldiariodesanpedro.com.ar\/sitio\/wp-json\/wp\/v2\/tags?post=14629"}],"curies":[{"name":"wp","href":"https:\/\/api.w.org\/{rel}","templated":true}]}}