{"id":14622,"date":"2017-02-13T21:22:06","date_gmt":"2017-02-14T00:22:06","guid":{"rendered":"https:\/\/eldiariodesanpedro.com.ar\/sitio\/?p=14622"},"modified":"2026-01-23T23:14:34","modified_gmt":"2026-01-24T02:14:34","slug":"bancarios-van-al-paro-este-viernes","status":"publish","type":"post","link":"https:\/\/eldiariodesanpedro.com.ar\/sitio\/bancarios-van-al-paro-este-viernes\/","title":{"rendered":"Bancarios van al paro este viernes"},"content":{"rendered":"<p><!-- VideographyWP Plugin Message: Automatic video embedding prevented by plugin options. --><\/p>\n<p>(NA) &#8211; Los bancarios har\u00e1n un paro total este viernes para protestar contra la decisi\u00f3n del Gobierno de no homologar aumentos del 23,5% acordados en el marco de la paritaria firmada en noviembre \u00faltimo. <\/p>\n<p>   As\u00ed lo resolvieron en un plenario nacional los l\u00edderes de la Asociaci\u00f3n Bancaria, que se reunieron para definir un plan de lucha y exigir que bancos p\u00fablicos y privados cumplan lo firmado. <\/p>\n<p>   \u00abHemos venido postergando la medida de fuerza desde que los bancos comenzaron a incumplir el acuerdo firmado el 23 de noviembre, pero ahora es irreversible\u00bb, dijo el secretario general del gremio, Sergio Palazzo.<\/p>\n<p>   Al no homologar el acuerdo, el gobierno habilit\u00f3 que bancos p\u00fablicos y privados no paguen la paritaria firmada en noviembre.<br \/>\n   El gremio sostiene que esa decisi\u00f3n se tom\u00f3 porque contempla un aumento del 24% para la primera parte del a\u00f1o, cuando el Gobierno pretende un techo del 18% para 2017. <\/p>\n<p>   \u00abPrefiero pecar de excesos en la pelea y no quedarme corto y que nos pase lo que pas\u00f3 en los \u00b490\u00bb, dijo Palazzo, al denunciar la \u00abmaniobra del ministro de Trabajo de no permitir que los bancos abonen lo que estaba acordado\u00bb. <\/p>\n<p>   La Bancaria dijo que Trabajo reh\u00fasa aprobar el convenio sectorial porque ese acuerdo \u00abno respeta la pauta\u00bb de incremento de sueldos \u00abestablecida por el Gobierno, de 18 por ciento\u00bb.<\/p>\n<p>   El poderoso sindicato record\u00f3 que las \u00abparitarias son libres\u00bb, en el marco de fuertes cr\u00edticas al ministro de Trabajo, Jorge Triaca, quien la semana pasada sufri\u00f3 un escrache en Paran\u00e1.<\/p>\n<p>   Poco antes del encuentro, Palazzo hab\u00eda realizado un nuevo reclamo al Gobierno para que avale el convenio sectorial.<\/p>\n<p>   \u00abYo apelo a la razonabilidad del ministro Triaca y las autoridades del Gobierno para que no lleguemos a esto\u00bb, hab\u00eda declarado Palazzo a radio Continental antes del anuncio de la medida, lo que podr\u00eda dejar alg\u00fan espacio de negociaci\u00f3n en la semana.<\/p>\n<p>   El gremialista dijo que el acuerdo paritario -rubricado en noviembre \u00faltimo y al que no adhirieron las instituciones extranjeras enroladas en la Asociaci\u00f3n de Bancos de la Argentina (ABA)- contempla \u00abuna serie de beneficios para los trabajadores bancarios que, cuando empieza el 2017, no se cumple\u00bb. <\/p>\n<p>   \u00abEs un incremento salarial del 23,5 por ciento, porque ten\u00eda un 4% de componente vinculado con la inflaci\u00f3n del a\u00f1o pasado, m\u00e1s un 19,5%\u00bb, rememor\u00f3.<\/p>\n<p>   Palazzo record\u00f3 que \u00abfirm\u00f3 el sector empresario a excepci\u00f3n de la c\u00e1mara ABA\u00bb, pero sostuvo que \u00ablos bancos internacionales representan nada m\u00e1s que al 20 por ciento de los trabajadores y del negocio del sistema financiero\u00bb.<\/p>\n<p>   Se\u00f1al\u00f3 que el sindicato recurri\u00f3 \u00aba la Justicia y nos dio la raz\u00f3n. Ahora, resulta que (las autoridades nacionales) se presentaron y apelaron para que no se pague. Espero que recapaciten\u00bb.<\/p>\n<p>   Los bancarios realizaron el jueves y viernes \u00faltimos 1.000 asambleas en todo el pa\u00eds, que paralizaron la atenci\u00f3n al p\u00fablico desde las 13.<\/p>\n","protected":false},"excerpt":{"rendered":"<p>(NA) &#8211; Los bancarios har\u00e1n un paro total este viernes para protestar contra la decisi\u00f3n del Gobierno de no homologar aumentos del 23,5% acordados en el marco de la paritaria firmada en noviembre \u00faltimo. As\u00ed lo resolvieron en un plenario nacional los l\u00edderes de la Asociaci\u00f3n Bancaria, que se reunieron para definir un plan de [&hellip;]<\/p>\n","protected":false},"author":4,"featured_media":14624,"comment_status":"open","ping_status":"closed","sticky":false,"template":"","format":"standard","meta":{"om_disable_all_campaigns":false,"_jetpack_memberships_contains_paid_content":false,"footnotes":""},"categories":[3],"tags":[],"class_list":["post-14622","post","type-post","status-publish","format-standard","has-post-thumbnail","hentry","category-nacionales"],"aioseo_notices":[],"gutentor_comment":0,"jetpack_featured_media_url":"https:\/\/eldiariodesanpedro.com.ar\/sitio\/wp-content\/uploads\/2017\/02\/bancarios.jpg","jetpack_shortlink":"https:\/\/wp.me\/p6RhLt-3NQ","jetpack_sharing_enabled":true,"_links":{"self":[{"href":"https:\/\/eldiariodesanpedro.com.ar\/sitio\/wp-json\/wp\/v2\/posts\/14622","targetHints":{"allow":["GET"]}}],"collection":[{"href":"https:\/\/eldiariodesanpedro.com.ar\/sitio\/wp-json\/wp\/v2\/posts"}],"about":[{"href":"https:\/\/eldiariodesanpedro.com.ar\/sitio\/wp-json\/wp\/v2\/types\/post"}],"author":[{"embeddable":true,"href":"https:\/\/eldiariodesanpedro.com.ar\/sitio\/wp-json\/wp\/v2\/users\/4"}],"replies":[{"embeddable":true,"href":"https:\/\/eldiariodesanpedro.com.ar\/sitio\/wp-json\/wp\/v2\/comments?post=14622"}],"version-history":[{"count":1,"href":"https:\/\/eldiariodesanpedro.com.ar\/sitio\/wp-json\/wp\/v2\/posts\/14622\/revisions"}],"predecessor-version":[{"id":14625,"href":"https:\/\/eldiariodesanpedro.com.ar\/sitio\/wp-json\/wp\/v2\/posts\/14622\/revisions\/14625"}],"wp:featuredmedia":[{"embeddable":true,"href":"https:\/\/eldiariodesanpedro.com.ar\/sitio\/wp-json\/wp\/v2\/media\/14624"}],"wp:attachment":[{"href":"https:\/\/eldiariodesanpedro.com.ar\/sitio\/wp-json\/wp\/v2\/media?parent=14622"}],"wp:term":[{"taxonomy":"category","embeddable":true,"href":"https:\/\/eldiariodesanpedro.com.ar\/sitio\/wp-json\/wp\/v2\/categories?post=14622"},{"taxonomy":"post_tag","embeddable":true,"href":"https:\/\/eldiariodesanpedro.com.ar\/sitio\/wp-json\/wp\/v2\/tags?post=14622"}],"curies":[{"name":"wp","href":"https:\/\/api.w.org\/{rel}","templated":true}]}}