{"id":146209,"date":"2025-12-23T13:55:53","date_gmt":"2025-12-23T16:55:53","guid":{"rendered":"https:\/\/eldiariodesanpedro.com.ar\/sitio\/?p=146209"},"modified":"2025-12-23T13:55:57","modified_gmt":"2025-12-23T16:55:57","slug":"accidente-en-av-11-de-septiembre-y-riobamba-una-mujer-resulto-herida-leve-tras-chocar-en-moto","status":"publish","type":"post","link":"https:\/\/eldiariodesanpedro.com.ar\/sitio\/accidente-en-av-11-de-septiembre-y-riobamba-una-mujer-resulto-herida-leve-tras-chocar-en-moto\/","title":{"rendered":"Accidente en Av. 11 de Septiembre y Riobamba: una mujer result\u00f3 herida leve tras chocar en moto"},"content":{"rendered":"<p><!-- VideographyWP Plugin Message: Automatic video embedding prevented by plugin options. --><\/p>\n<p><strong>Una mujer de 31 a\u00f1os sufri\u00f3 heridas leves<\/strong> luego de protagonizar un <strong>accidente de tr\u00e1nsito<\/strong> el d\u00eda de ayer en una concurrida intersecci\u00f3n de San Pedro.<\/p>\n<p>El hecho tuvo lugar en la <strong>esquina de avenida 11 de Septiembre y Riobamba<\/strong>. Por causas que se est\u00e1n investigando, la motociclista impact\u00f3 contra un autom\u00f3vil conducido por otra mujer de la misma edad.<\/p>\n<p>Al lugar acudieron efectivos policiales y el <strong>servicio de emergencias<\/strong>, que traslad\u00f3 a la conductora de la moto al hospital local. Tras ser atendida, se confirm\u00f3 que presentaba <strong>lesiones leves<\/strong> y se encuentra fuera de peligro.<\/p>\n<p>La investigaci\u00f3n qued\u00f3 a cargo de la <strong>Unidad Funcional de Instrucci\u00f3n (UFI) N\u00b0 11 de San Pedro<\/strong>, para determinar las responsabilidades en el siniestro.<\/p>\n","protected":false},"excerpt":{"rendered":"<p>Una mujer termin\u00f3 con lesiones leves tras una colisi\u00f3n entre una moto y un auto en una transitada esquina de San Pedro.<\/p>\n","protected":false},"author":1,"featured_media":146208,"comment_status":"closed","ping_status":"closed","sticky":false,"template":"","format":"standard","meta":{"om_disable_all_campaigns":false,"_jetpack_memberships_contains_paid_content":false,"footnotes":""},"categories":[2],"tags":[],"class_list":["post-146209","post","type-post","status-publish","format-standard","has-post-thumbnail","hentry","category-locales"],"aioseo_notices":[],"gutentor_comment":0,"jetpack_featured_media_url":"https:\/\/eldiariodesanpedro.com.ar\/sitio\/wp-content\/uploads\/2025\/12\/image.jpg","jetpack_shortlink":"https:\/\/wp.me\/p6RhLt-C2d","jetpack_sharing_enabled":true,"_links":{"self":[{"href":"https:\/\/eldiariodesanpedro.com.ar\/sitio\/wp-json\/wp\/v2\/posts\/146209","targetHints":{"allow":["GET"]}}],"collection":[{"href":"https:\/\/eldiariodesanpedro.com.ar\/sitio\/wp-json\/wp\/v2\/posts"}],"about":[{"href":"https:\/\/eldiariodesanpedro.com.ar\/sitio\/wp-json\/wp\/v2\/types\/post"}],"author":[{"embeddable":true,"href":"https:\/\/eldiariodesanpedro.com.ar\/sitio\/wp-json\/wp\/v2\/users\/1"}],"replies":[{"embeddable":true,"href":"https:\/\/eldiariodesanpedro.com.ar\/sitio\/wp-json\/wp\/v2\/comments?post=146209"}],"version-history":[{"count":1,"href":"https:\/\/eldiariodesanpedro.com.ar\/sitio\/wp-json\/wp\/v2\/posts\/146209\/revisions"}],"predecessor-version":[{"id":146210,"href":"https:\/\/eldiariodesanpedro.com.ar\/sitio\/wp-json\/wp\/v2\/posts\/146209\/revisions\/146210"}],"wp:featuredmedia":[{"embeddable":true,"href":"https:\/\/eldiariodesanpedro.com.ar\/sitio\/wp-json\/wp\/v2\/media\/146208"}],"wp:attachment":[{"href":"https:\/\/eldiariodesanpedro.com.ar\/sitio\/wp-json\/wp\/v2\/media?parent=146209"}],"wp:term":[{"taxonomy":"category","embeddable":true,"href":"https:\/\/eldiariodesanpedro.com.ar\/sitio\/wp-json\/wp\/v2\/categories?post=146209"},{"taxonomy":"post_tag","embeddable":true,"href":"https:\/\/eldiariodesanpedro.com.ar\/sitio\/wp-json\/wp\/v2\/tags?post=146209"}],"curies":[{"name":"wp","href":"https:\/\/api.w.org\/{rel}","templated":true}]}}