{"id":146200,"date":"2025-12-23T12:49:43","date_gmt":"2025-12-23T15:49:43","guid":{"rendered":"https:\/\/eldiariodesanpedro.com.ar\/sitio\/?p=146200"},"modified":"2025-12-23T12:56:08","modified_gmt":"2025-12-23T15:56:08","slug":"edicto-transferencia-de-comercio-de-panaderia-y-afines-de-baradero","status":"publish","type":"post","link":"https:\/\/eldiariodesanpedro.com.ar\/sitio\/edicto-transferencia-de-comercio-de-panaderia-y-afines-de-baradero\/","title":{"rendered":"Edicto transferencia de comercio de Panader\u00eda y Afines de Baradero"},"content":{"rendered":"<!-- VideographyWP Plugin Message: Automatic video embedding prevented by plugin options. -->\n\n<p class=\"has-text-align-right\">Baradero, 23 de Diciembre de 2025.-<\/p>\n\n\n\n<p class=\"has-text-align-center\">EDICTO<\/p>\n\n\n\n<p>POR TRES D\u00cdAS &#8211; Se comunica que el Sr Carlos Alberto Gutierrez con Cuit N\u00ba 20084037681 transfiere el fondo de comercio del negocio de \u201cPanader\u00eda y Afines\u201d, sito en la calle Rodr\u00edguez 865 de la Ciudad de Baradero , Provincia de Buenos Aires, al Sr Felipe Gutierrez Diele con el Cuit N\u00ba 20349355257. Reclamos de Ley en el mismo comercio.\u00a0<\/p>\n\n\n\n<p>(Publicaci\u00f3n v\u00e1lida para los d\u00edas 23, 24 y 25 de diciembre de 2025)<\/p>\n","protected":false},"excerpt":{"rendered":"<p>Baradero, 23 de Diciembre de 2025.- EDICTO POR TRES D\u00cdAS &#8211; Se comunica que el Sr Carlos Alberto Gutierrez con Cuit N\u00ba 20084037681 transfiere el fondo de comercio del negocio de \u201cPanader\u00eda y Afines\u201d, sito en la calle Rodr\u00edguez 865 de la Ciudad de Baradero , Provincia de Buenos Aires, al Sr Felipe Gutierrez Diele [&hellip;]<\/p>\n","protected":false},"author":4,"featured_media":102746,"comment_status":"closed","ping_status":"closed","sticky":false,"template":"","format":"standard","meta":{"om_disable_all_campaigns":false,"_jetpack_memberships_contains_paid_content":false,"footnotes":""},"categories":[676,1124],"tags":[7969,7970],"class_list":["post-146200","post","type-post","status-publish","format-standard","has-post-thumbnail","hentry","category-edictos","category-edictos-especiales","tag-carlos-alberto-gutierrez","tag-felipe-gutierrez-diele"],"aioseo_notices":[],"gutentor_comment":0,"jetpack_featured_media_url":"https:\/\/eldiariodesanpedro.com.ar\/sitio\/wp-content\/uploads\/2022\/01\/EDICTO.jpg","jetpack_shortlink":"https:\/\/wp.me\/p6RhLt-C24","jetpack_sharing_enabled":true,"_links":{"self":[{"href":"https:\/\/eldiariodesanpedro.com.ar\/sitio\/wp-json\/wp\/v2\/posts\/146200","targetHints":{"allow":["GET"]}}],"collection":[{"href":"https:\/\/eldiariodesanpedro.com.ar\/sitio\/wp-json\/wp\/v2\/posts"}],"about":[{"href":"https:\/\/eldiariodesanpedro.com.ar\/sitio\/wp-json\/wp\/v2\/types\/post"}],"author":[{"embeddable":true,"href":"https:\/\/eldiariodesanpedro.com.ar\/sitio\/wp-json\/wp\/v2\/users\/4"}],"replies":[{"embeddable":true,"href":"https:\/\/eldiariodesanpedro.com.ar\/sitio\/wp-json\/wp\/v2\/comments?post=146200"}],"version-history":[{"count":3,"href":"https:\/\/eldiariodesanpedro.com.ar\/sitio\/wp-json\/wp\/v2\/posts\/146200\/revisions"}],"predecessor-version":[{"id":146203,"href":"https:\/\/eldiariodesanpedro.com.ar\/sitio\/wp-json\/wp\/v2\/posts\/146200\/revisions\/146203"}],"wp:featuredmedia":[{"embeddable":true,"href":"https:\/\/eldiariodesanpedro.com.ar\/sitio\/wp-json\/wp\/v2\/media\/102746"}],"wp:attachment":[{"href":"https:\/\/eldiariodesanpedro.com.ar\/sitio\/wp-json\/wp\/v2\/media?parent=146200"}],"wp:term":[{"taxonomy":"category","embeddable":true,"href":"https:\/\/eldiariodesanpedro.com.ar\/sitio\/wp-json\/wp\/v2\/categories?post=146200"},{"taxonomy":"post_tag","embeddable":true,"href":"https:\/\/eldiariodesanpedro.com.ar\/sitio\/wp-json\/wp\/v2\/tags?post=146200"}],"curies":[{"name":"wp","href":"https:\/\/api.w.org\/{rel}","templated":true}]}}