{"id":146198,"date":"2025-12-23T12:23:17","date_gmt":"2025-12-23T15:23:17","guid":{"rendered":"https:\/\/eldiariodesanpedro.com.ar\/sitio\/?p=146198"},"modified":"2025-12-23T12:23:22","modified_gmt":"2025-12-23T15:23:22","slug":"edicto-de-arpia-graciela-alejandra-por-municipalidad-de-baradero","status":"publish","type":"post","link":"https:\/\/eldiariodesanpedro.com.ar\/sitio\/edicto-de-arpia-graciela-alejandra-por-municipalidad-de-baradero\/","title":{"rendered":"Edicto de Arpia Graciela Alejandra por Municipalidad de Baradero"},"content":{"rendered":"<!-- VideographyWP Plugin Message: Automatic video embedding prevented by plugin options. -->\n\n<p class=\"has-text-align-right\">Baradero, 22 de Diciembre de 2025.-<\/p>\n\n\n\n<p class=\"has-text-align-center\">EDICTO<\/p>\n\n\n\n<p>La Municipalidad de Baradero, con domicilio en Avenida San Mart\u00edn N.\u00ba 905, CITA Y EMPLAZA a ARPIA GRACIELA ALEJANDRA, DNI. 36.262.016, a presentarse en forma URGENTE en el plazo de 48 hs en la Subsecretar\u00eda de Planificaci\u00f3n Urbana y H\u00e1bitat en Av. San Mart\u00edn 905, de lunes a viernes de 7 a 13 hs.<\/p>\n\n\n\n<p>Erika Carlsson<br>Subsecretaria de Planificaci\u00f3n Urbana y H\u00e1bitat<\/p>\n\n\n\n<p>(Publicaci\u00f3n v\u00e1lida para los d\u00edas 23, 24 y 25 de diciembre de 2025)<\/p>\n","protected":false},"excerpt":{"rendered":"<p>Baradero, 22 de Diciembre de 2025.- EDICTO La Municipalidad de Baradero, con domicilio en Avenida San Mart\u00edn N.\u00ba 905, CITA Y EMPLAZA a ARPIA GRACIELA ALEJANDRA, DNI. 36.262.016, a presentarse en forma URGENTE en el plazo de 48 hs en la Subsecretar\u00eda de Planificaci\u00f3n Urbana y H\u00e1bitat en Av. San Mart\u00edn 905, de lunes a [&hellip;]<\/p>\n","protected":false},"author":4,"featured_media":129920,"comment_status":"closed","ping_status":"closed","sticky":false,"template":"","format":"standard","meta":{"om_disable_all_campaigns":false,"_jetpack_memberships_contains_paid_content":false,"footnotes":""},"categories":[676,1124],"tags":[7968],"class_list":["post-146198","post","type-post","status-publish","format-standard","has-post-thumbnail","hentry","category-edictos","category-edictos-especiales","tag-arpia-graciela-alejandra"],"aioseo_notices":[],"gutentor_comment":0,"jetpack_featured_media_url":"https:\/\/eldiariodesanpedro.com.ar\/sitio\/wp-content\/uploads\/2024\/06\/Municipalidad-Baradero-2024.jpg","jetpack_shortlink":"https:\/\/wp.me\/p6RhLt-C22","jetpack_sharing_enabled":true,"_links":{"self":[{"href":"https:\/\/eldiariodesanpedro.com.ar\/sitio\/wp-json\/wp\/v2\/posts\/146198","targetHints":{"allow":["GET"]}}],"collection":[{"href":"https:\/\/eldiariodesanpedro.com.ar\/sitio\/wp-json\/wp\/v2\/posts"}],"about":[{"href":"https:\/\/eldiariodesanpedro.com.ar\/sitio\/wp-json\/wp\/v2\/types\/post"}],"author":[{"embeddable":true,"href":"https:\/\/eldiariodesanpedro.com.ar\/sitio\/wp-json\/wp\/v2\/users\/4"}],"replies":[{"embeddable":true,"href":"https:\/\/eldiariodesanpedro.com.ar\/sitio\/wp-json\/wp\/v2\/comments?post=146198"}],"version-history":[{"count":1,"href":"https:\/\/eldiariodesanpedro.com.ar\/sitio\/wp-json\/wp\/v2\/posts\/146198\/revisions"}],"predecessor-version":[{"id":146199,"href":"https:\/\/eldiariodesanpedro.com.ar\/sitio\/wp-json\/wp\/v2\/posts\/146198\/revisions\/146199"}],"wp:featuredmedia":[{"embeddable":true,"href":"https:\/\/eldiariodesanpedro.com.ar\/sitio\/wp-json\/wp\/v2\/media\/129920"}],"wp:attachment":[{"href":"https:\/\/eldiariodesanpedro.com.ar\/sitio\/wp-json\/wp\/v2\/media?parent=146198"}],"wp:term":[{"taxonomy":"category","embeddable":true,"href":"https:\/\/eldiariodesanpedro.com.ar\/sitio\/wp-json\/wp\/v2\/categories?post=146198"},{"taxonomy":"post_tag","embeddable":true,"href":"https:\/\/eldiariodesanpedro.com.ar\/sitio\/wp-json\/wp\/v2\/tags?post=146198"}],"curies":[{"name":"wp","href":"https:\/\/api.w.org\/{rel}","templated":true}]}}