{"id":14618,"date":"2017-02-13T21:17:11","date_gmt":"2017-02-14T00:17:11","guid":{"rendered":"https:\/\/eldiariodesanpedro.com.ar\/sitio\/?p=14618"},"modified":"2017-02-13T21:17:11","modified_gmt":"2017-02-14T00:17:11","slug":"por-una-discusion-que-empezo-en-facebook-fui-a-su-casa-aclarar-las-cosas-y-termine-lastimada-con-un-vaso-de-vidrio","status":"publish","type":"post","link":"https:\/\/eldiariodesanpedro.com.ar\/sitio\/por-una-discusion-que-empezo-en-facebook-fui-a-su-casa-aclarar-las-cosas-y-termine-lastimada-con-un-vaso-de-vidrio\/","title":{"rendered":"POR UNA DISCUSI\u00d3N QUE EMPEZ\u00d3 EN FACEBOOK: \u201cFui a su casa aclarar las cosas y termin\u00e9 lastimada con un vaso de vidrio\u201d"},"content":{"rendered":"<p><!-- VideographyWP Plugin Message: Automatic video embedding prevented by plugin options. --><br \/>\nEn la madrugada de hoy, siendo las 00:15, una persona joven femenina denuncia que por la tarde hab\u00eda mantenido una discusi\u00f3n por mensaje de Facebook con otra joven femenina, donde hubo un malentendido y esta decide ir hasta su vivienda para aclarar lo sucedido, cuando llega a el lugar, la propietaria con quien hab\u00eda mantenido la discusi\u00f3n, sale del interior de su casa y sin mediar palabra, le revolea con un vaso de vidrio, produci\u00e9ndole lesiones a la otra femenina en su cuerpo. Adem\u00e1s sale su mam\u00e1 del interior tambi\u00e9n y le pega con un palo del hockey al hombre que la acompa\u00f1aba en sus piernas. Intervino m\u00f3vil policial y las personas lastimadas fue ah\u00ed donde radicaron su denuncia. Intervino UFI N\u00b07<\/p>\n","protected":false},"excerpt":{"rendered":"<p>En la madrugada de hoy, siendo las 00:15, una persona joven femenina denuncia que por la tarde hab\u00eda mantenido una discusi\u00f3n por mensaje de Facebook con otra joven femenina, donde hubo un malentendido y esta decide ir hasta su vivienda para aclarar lo sucedido, cuando llega a el lugar, la propietaria con quien hab\u00eda mantenido [&hellip;]<\/p>\n","protected":false},"author":4,"featured_media":14619,"comment_status":"open","ping_status":"closed","sticky":false,"template":"","format":"standard","meta":{"om_disable_all_campaigns":false,"_jetpack_memberships_contains_paid_content":false,"footnotes":""},"categories":[2,103],"tags":[],"class_list":["post-14618","post","type-post","status-publish","format-standard","has-post-thumbnail","hentry","category-locales","category-policiales-locales"],"aioseo_notices":[],"gutentor_comment":0,"jetpack_featured_media_url":"https:\/\/eldiariodesanpedro.com.ar\/sitio\/wp-content\/uploads\/2017\/02\/Facebook.jpeg","jetpack_shortlink":"https:\/\/wp.me\/p6RhLt-3NM","jetpack_sharing_enabled":true,"_links":{"self":[{"href":"https:\/\/eldiariodesanpedro.com.ar\/sitio\/wp-json\/wp\/v2\/posts\/14618","targetHints":{"allow":["GET"]}}],"collection":[{"href":"https:\/\/eldiariodesanpedro.com.ar\/sitio\/wp-json\/wp\/v2\/posts"}],"about":[{"href":"https:\/\/eldiariodesanpedro.com.ar\/sitio\/wp-json\/wp\/v2\/types\/post"}],"author":[{"embeddable":true,"href":"https:\/\/eldiariodesanpedro.com.ar\/sitio\/wp-json\/wp\/v2\/users\/4"}],"replies":[{"embeddable":true,"href":"https:\/\/eldiariodesanpedro.com.ar\/sitio\/wp-json\/wp\/v2\/comments?post=14618"}],"version-history":[{"count":1,"href":"https:\/\/eldiariodesanpedro.com.ar\/sitio\/wp-json\/wp\/v2\/posts\/14618\/revisions"}],"predecessor-version":[{"id":14620,"href":"https:\/\/eldiariodesanpedro.com.ar\/sitio\/wp-json\/wp\/v2\/posts\/14618\/revisions\/14620"}],"wp:featuredmedia":[{"embeddable":true,"href":"https:\/\/eldiariodesanpedro.com.ar\/sitio\/wp-json\/wp\/v2\/media\/14619"}],"wp:attachment":[{"href":"https:\/\/eldiariodesanpedro.com.ar\/sitio\/wp-json\/wp\/v2\/media?parent=14618"}],"wp:term":[{"taxonomy":"category","embeddable":true,"href":"https:\/\/eldiariodesanpedro.com.ar\/sitio\/wp-json\/wp\/v2\/categories?post=14618"},{"taxonomy":"post_tag","embeddable":true,"href":"https:\/\/eldiariodesanpedro.com.ar\/sitio\/wp-json\/wp\/v2\/tags?post=14618"}],"curies":[{"name":"wp","href":"https:\/\/api.w.org\/{rel}","templated":true}]}}