{"id":14615,"date":"2017-02-13T21:09:30","date_gmt":"2017-02-14T00:09:30","guid":{"rendered":"https:\/\/eldiariodesanpedro.com.ar\/sitio\/?p=14615"},"modified":"2017-02-13T21:09:30","modified_gmt":"2017-02-14T00:09:30","slug":"fuerte-denuncia-contra-el-intendente-de-exaltacion-de-la-cruz","status":"publish","type":"post","link":"https:\/\/eldiariodesanpedro.com.ar\/sitio\/fuerte-denuncia-contra-el-intendente-de-exaltacion-de-la-cruz\/","title":{"rendered":"Fuerte denuncia contra el intendente de Exaltaci\u00f3n de la Cruz"},"content":{"rendered":"<p><!-- VideographyWP Plugin Message: Automatic video embedding prevented by plugin options. --><br \/>\nEl abogado Fernando Sicilia, en representaci\u00f3n de la Cooperativa de Vivienda Capilla del Se\u00f1or Ltda, denunci\u00f3 al jefe comunal de Exaltaci\u00f3n de la Cruz, Adri\u00e1n S\u00e1nchez, al secretario de Obras y Espacios P\u00fablicos, Gustavo Candia, al secretario de Coordinaci\u00f3n General y Planificaci\u00f3n, Guillermo Flores, al inspector general Claudio Salaberry y a polic\u00edas locales.<\/p>\n<p>Seg\u00fan el escrito las autoridades municipales pondr\u00edan trabas a la construcci\u00f3n de viviendas que pretende llevar a cabo la Cooperativa de Vivienda Capilla del Se\u00f1or Ltda.<\/p>\n<p>En la denuncia dicha cooperativa se\u00f1ala no haber sido atendidos por las autoridades municipales y que la comuna ha sido renuente a aprobar los planos de las obras que pretenden erigir.<\/p>\n<p>La presentaci\u00f3n judicial sostiene adem\u00e1s que existe \u201cacoso sobre la Cooperativa\u201d y atribuye esa situaci\u00f3n a que el intendente \u201cse dedica a los negocios inmobiliarios en el partido que \u00e9l mismo gobierna\u201d.<\/p>\n<p>En uno de los p\u00e1rrafos salientes, la presentaci\u00f3n judicial indica: \u201cPareciera ser que el intendente no acepta competencia, no de otros agentes inmobiliarios, sino de una Cooperativa sin fines de lucro y que lo \u00fanico que busca es el bien com\u00fan de las familias que la integran\u201d. (Grupo La Provincia)<\/p>\n","protected":false},"excerpt":{"rendered":"<p>El abogado Fernando Sicilia, en representaci\u00f3n de la Cooperativa de Vivienda Capilla del Se\u00f1or Ltda, denunci\u00f3 al jefe comunal de Exaltaci\u00f3n de la Cruz, Adri\u00e1n S\u00e1nchez, al secretario de Obras y Espacios P\u00fablicos, Gustavo Candia, al secretario de Coordinaci\u00f3n General y Planificaci\u00f3n, Guillermo Flores, al inspector general Claudio Salaberry y a polic\u00edas locales. Seg\u00fan el [&hellip;]<\/p>\n","protected":false},"author":4,"featured_media":14616,"comment_status":"open","ping_status":"closed","sticky":false,"template":"","format":"standard","meta":{"om_disable_all_campaigns":false,"_jetpack_memberships_contains_paid_content":false,"footnotes":""},"categories":[621],"tags":[],"class_list":["post-14615","post","type-post","status-publish","format-standard","has-post-thumbnail","hentry","category-regionales"],"aioseo_notices":[],"gutentor_comment":0,"jetpack_featured_media_url":"https:\/\/eldiariodesanpedro.com.ar\/sitio\/wp-content\/uploads\/2017\/02\/adrian-sanchez.jpg","jetpack_shortlink":"https:\/\/wp.me\/p6RhLt-3NJ","jetpack_sharing_enabled":true,"_links":{"self":[{"href":"https:\/\/eldiariodesanpedro.com.ar\/sitio\/wp-json\/wp\/v2\/posts\/14615","targetHints":{"allow":["GET"]}}],"collection":[{"href":"https:\/\/eldiariodesanpedro.com.ar\/sitio\/wp-json\/wp\/v2\/posts"}],"about":[{"href":"https:\/\/eldiariodesanpedro.com.ar\/sitio\/wp-json\/wp\/v2\/types\/post"}],"author":[{"embeddable":true,"href":"https:\/\/eldiariodesanpedro.com.ar\/sitio\/wp-json\/wp\/v2\/users\/4"}],"replies":[{"embeddable":true,"href":"https:\/\/eldiariodesanpedro.com.ar\/sitio\/wp-json\/wp\/v2\/comments?post=14615"}],"version-history":[{"count":1,"href":"https:\/\/eldiariodesanpedro.com.ar\/sitio\/wp-json\/wp\/v2\/posts\/14615\/revisions"}],"predecessor-version":[{"id":14617,"href":"https:\/\/eldiariodesanpedro.com.ar\/sitio\/wp-json\/wp\/v2\/posts\/14615\/revisions\/14617"}],"wp:featuredmedia":[{"embeddable":true,"href":"https:\/\/eldiariodesanpedro.com.ar\/sitio\/wp-json\/wp\/v2\/media\/14616"}],"wp:attachment":[{"href":"https:\/\/eldiariodesanpedro.com.ar\/sitio\/wp-json\/wp\/v2\/media?parent=14615"}],"wp:term":[{"taxonomy":"category","embeddable":true,"href":"https:\/\/eldiariodesanpedro.com.ar\/sitio\/wp-json\/wp\/v2\/categories?post=14615"},{"taxonomy":"post_tag","embeddable":true,"href":"https:\/\/eldiariodesanpedro.com.ar\/sitio\/wp-json\/wp\/v2\/tags?post=14615"}],"curies":[{"name":"wp","href":"https:\/\/api.w.org\/{rel}","templated":true}]}}