{"id":14611,"date":"2017-02-13T21:07:15","date_gmt":"2017-02-14T00:07:15","guid":{"rendered":"https:\/\/eldiariodesanpedro.com.ar\/sitio\/?p=14611"},"modified":"2017-02-13T21:07:15","modified_gmt":"2017-02-14T00:07:15","slug":"alessandro-el-24-de-marzo-no-se-mueve","status":"publish","type":"post","link":"https:\/\/eldiariodesanpedro.com.ar\/sitio\/alessandro-el-24-de-marzo-no-se-mueve\/","title":{"rendered":"Alessandro: \u201cEl 24 de marzo no se mueve\u201d"},"content":{"rendered":"<p><!-- VideographyWP Plugin Message: Automatic video embedding prevented by plugin options. --><br \/>\nEl mandam\u00e1s de Salto, Ricardo Alessandro, dijo que en su distrito se conmemorar\u00e1 el 24 de Marzo, D\u00eda de la Memoria, tal como lo indica el significado de la fecha.<\/p>\n<p>Tras el decreto que firm\u00f3 el Presidente Mauricio Macri donde impuso la \u201cmovilidad\u201d del feriado del 24 de marzo, intendentes peronistas se mostraron disconformes y desafiaron la medida dando asueto.<\/p>\n<p>Tal es el caso del mandam\u00e1s de Salto, Ricardo Alessandro, quien coment\u00f3 \u201cEn Salto vamos a conmemorar el D\u00eda de la Memoria el viernes 24 de Marzo, tal como lo indica el significado de la fecha #El24NoSeMueve\u201d. (Grupo La Provincia)<\/p>\n","protected":false},"excerpt":{"rendered":"<p>El mandam\u00e1s de Salto, Ricardo Alessandro, dijo que en su distrito se conmemorar\u00e1 el 24 de Marzo, D\u00eda de la Memoria, tal como lo indica el significado de la fecha. Tras el decreto que firm\u00f3 el Presidente Mauricio Macri donde impuso la \u201cmovilidad\u201d del feriado del 24 de marzo, intendentes peronistas se mostraron disconformes y [&hellip;]<\/p>\n","protected":false},"author":4,"featured_media":14614,"comment_status":"open","ping_status":"closed","sticky":false,"template":"","format":"standard","meta":{"om_disable_all_campaigns":false,"_jetpack_memberships_contains_paid_content":false,"footnotes":""},"categories":[621],"tags":[],"class_list":["post-14611","post","type-post","status-publish","format-standard","has-post-thumbnail","hentry","category-regionales"],"aioseo_notices":[],"gutentor_comment":0,"jetpack_featured_media_url":"https:\/\/eldiariodesanpedro.com.ar\/sitio\/wp-content\/uploads\/2017\/02\/PAGINA-6.jpg","jetpack_shortlink":"https:\/\/wp.me\/p6RhLt-3NF","jetpack_sharing_enabled":true,"_links":{"self":[{"href":"https:\/\/eldiariodesanpedro.com.ar\/sitio\/wp-json\/wp\/v2\/posts\/14611","targetHints":{"allow":["GET"]}}],"collection":[{"href":"https:\/\/eldiariodesanpedro.com.ar\/sitio\/wp-json\/wp\/v2\/posts"}],"about":[{"href":"https:\/\/eldiariodesanpedro.com.ar\/sitio\/wp-json\/wp\/v2\/types\/post"}],"author":[{"embeddable":true,"href":"https:\/\/eldiariodesanpedro.com.ar\/sitio\/wp-json\/wp\/v2\/users\/4"}],"replies":[{"embeddable":true,"href":"https:\/\/eldiariodesanpedro.com.ar\/sitio\/wp-json\/wp\/v2\/comments?post=14611"}],"version-history":[{"count":1,"href":"https:\/\/eldiariodesanpedro.com.ar\/sitio\/wp-json\/wp\/v2\/posts\/14611\/revisions"}],"predecessor-version":[{"id":14613,"href":"https:\/\/eldiariodesanpedro.com.ar\/sitio\/wp-json\/wp\/v2\/posts\/14611\/revisions\/14613"}],"wp:featuredmedia":[{"embeddable":true,"href":"https:\/\/eldiariodesanpedro.com.ar\/sitio\/wp-json\/wp\/v2\/media\/14614"}],"wp:attachment":[{"href":"https:\/\/eldiariodesanpedro.com.ar\/sitio\/wp-json\/wp\/v2\/media?parent=14611"}],"wp:term":[{"taxonomy":"category","embeddable":true,"href":"https:\/\/eldiariodesanpedro.com.ar\/sitio\/wp-json\/wp\/v2\/categories?post=14611"},{"taxonomy":"post_tag","embeddable":true,"href":"https:\/\/eldiariodesanpedro.com.ar\/sitio\/wp-json\/wp\/v2\/tags?post=14611"}],"curies":[{"name":"wp","href":"https:\/\/api.w.org\/{rel}","templated":true}]}}