{"id":146096,"date":"2025-12-22T08:57:00","date_gmt":"2025-12-22T11:57:00","guid":{"rendered":"https:\/\/eldiariodesanpedro.com.ar\/sitio\/?p=146096"},"modified":"2025-12-22T08:57:05","modified_gmt":"2025-12-22T11:57:05","slug":"una-joven-resulto-con-fracturas-tras-un-choque-entre-moto-y-auto","status":"publish","type":"post","link":"https:\/\/eldiariodesanpedro.com.ar\/sitio\/una-joven-resulto-con-fracturas-tras-un-choque-entre-moto-y-auto\/","title":{"rendered":"Una joven result\u00f3 con fracturas tras un choque entre moto y auto"},"content":{"rendered":"<p><!-- VideographyWP Plugin Message: Automatic video embedding prevented by plugin options. --><\/p>\n<div class=\"post-outer\">\n<div class=\"post-wrapper not-hero post-4886352333671994267 image\">\n<div class=\"slide\">\n<div class=\"post\">\n<div id=\"post-body-4886352333671994267\" class=\"post-body entry-content float-container\">Un grave accidente de tr\u00e1nsito se registr\u00f3 durante la madrugada de este domingo, cuando una motocicleta y un autom\u00f3vil colisionaron por causas que a\u00fan son materia de investigaci\u00f3n por parte de los peritos policiales.<\/p>\n<p data-path-to-node=\"4\">Personal de la dependencia local acudi\u00f3 al cruce de\u00a0<b data-index-in-node=\"63\" data-path-to-node=\"4\">Mitre y Ayacucho<\/b>, donde se produjo el impacto entre una motocicleta Honda Wave blanca y un Renault Duster, tambi\u00e9n de color blanco. En el rodado menor circulaban dos j\u00f3venes: la conductora de 21 a\u00f1os y una acompa\u00f1ante de 19 a\u00f1os, mientras que el autom\u00f3vil era guiado por un hombre de 22 a\u00f1os.<\/p>\n<p data-path-to-node=\"5\">A ra\u00edz de la colisi\u00f3n, la conductora de la motocicleta fue asistida por una ambulancia y trasladada al nosocomio local. Seg\u00fan informaron fuentes sanitarias, la joven ingres\u00f3 consciente pero con\u00a0<b data-index-in-node=\"194\" data-path-to-node=\"5\">fracturas en su hombro y mu\u00f1eca izquierda<\/b>. En tanto, la joven de 19 a\u00f1os que viajaba como acompa\u00f1ante present\u00f3 \u00fanicamente\u00a0<b data-index-in-node=\"316\" data-path-to-node=\"5\">lesiones leves<\/b>.<\/p>\n<p data-path-to-node=\"6\">La fiscal\u00eda local tom\u00f3 intervenci\u00f3n en el hecho y dispuso la notificaci\u00f3n de la causa bajo la car\u00e1tula de\u00a0<b data-index-in-node=\"106\" data-path-to-node=\"6\">\u00abLesiones Culposas\u00bb<\/b> para el conductor del autom\u00f3vil. Asimismo, se orden\u00f3 que ambos veh\u00edculos involucrados quedaran secuestrados en el dep\u00f3sito judicial para la realizaci\u00f3n de las pericias mec\u00e1nicas correspondientes.<\/p>\n<\/div>\n<\/div>\n<\/div>\n<\/div>\n<\/div>\n","protected":false},"excerpt":{"rendered":"<p>Una joven de 21 a\u00f1os sufri\u00f3 fracturas luego de impactar con su moto contra un auto en una esquina c\u00e9ntrica durante la tarde del mi\u00e9rcoles.<\/p>\n","protected":false},"author":4,"featured_media":146095,"comment_status":"closed","ping_status":"closed","sticky":false,"template":"","format":"standard","meta":{"om_disable_all_campaigns":false,"_jetpack_memberships_contains_paid_content":false,"footnotes":""},"categories":[2,103],"tags":[197,95,19],"class_list":["post-146096","post","type-post","status-publish","format-standard","has-post-thumbnail","hentry","category-locales","category-policiales-locales","tag-buenos-aires","tag-policiales","tag-san-pedro"],"aioseo_notices":[],"gutentor_comment":0,"jetpack_featured_media_url":"https:\/\/eldiariodesanpedro.com.ar\/sitio\/wp-content\/uploads\/2025\/12\/imagen-9.jpg","jetpack_shortlink":"https:\/\/wp.me\/p6RhLt-C0o","jetpack_sharing_enabled":true,"_links":{"self":[{"href":"https:\/\/eldiariodesanpedro.com.ar\/sitio\/wp-json\/wp\/v2\/posts\/146096","targetHints":{"allow":["GET"]}}],"collection":[{"href":"https:\/\/eldiariodesanpedro.com.ar\/sitio\/wp-json\/wp\/v2\/posts"}],"about":[{"href":"https:\/\/eldiariodesanpedro.com.ar\/sitio\/wp-json\/wp\/v2\/types\/post"}],"author":[{"embeddable":true,"href":"https:\/\/eldiariodesanpedro.com.ar\/sitio\/wp-json\/wp\/v2\/users\/4"}],"replies":[{"embeddable":true,"href":"https:\/\/eldiariodesanpedro.com.ar\/sitio\/wp-json\/wp\/v2\/comments?post=146096"}],"version-history":[{"count":1,"href":"https:\/\/eldiariodesanpedro.com.ar\/sitio\/wp-json\/wp\/v2\/posts\/146096\/revisions"}],"predecessor-version":[{"id":146097,"href":"https:\/\/eldiariodesanpedro.com.ar\/sitio\/wp-json\/wp\/v2\/posts\/146096\/revisions\/146097"}],"wp:featuredmedia":[{"embeddable":true,"href":"https:\/\/eldiariodesanpedro.com.ar\/sitio\/wp-json\/wp\/v2\/media\/146095"}],"wp:attachment":[{"href":"https:\/\/eldiariodesanpedro.com.ar\/sitio\/wp-json\/wp\/v2\/media?parent=146096"}],"wp:term":[{"taxonomy":"category","embeddable":true,"href":"https:\/\/eldiariodesanpedro.com.ar\/sitio\/wp-json\/wp\/v2\/categories?post=146096"},{"taxonomy":"post_tag","embeddable":true,"href":"https:\/\/eldiariodesanpedro.com.ar\/sitio\/wp-json\/wp\/v2\/tags?post=146096"}],"curies":[{"name":"wp","href":"https:\/\/api.w.org\/{rel}","templated":true}]}}