{"id":146092,"date":"2025-12-22T08:39:03","date_gmt":"2025-12-22T11:39:03","guid":{"rendered":"https:\/\/eldiariodesanpedro.com.ar\/sitio\/?p=146092"},"modified":"2026-01-24T00:46:39","modified_gmt":"2026-01-24T03:46:39","slug":"fallecio-maria-susana-bianchi-a-los-90-anos","status":"publish","type":"post","link":"https:\/\/eldiariodesanpedro.com.ar\/sitio\/fallecio-maria-susana-bianchi-a-los-90-anos\/","title":{"rendered":"Falleci\u00f3 Mar\u00eda Susana Bianchi, a los 90 a\u00f1os"},"content":{"rendered":"<!-- VideographyWP Plugin Message: Automatic video embedding prevented by plugin options. -->\n\n<p>Falleci\u00f3 <strong>Mar\u00eda Susana Bianchi<\/strong>, a los <strong>90 a\u00f1os<\/strong>. Sus restos son velados en <strong>Coopser Servicios Sociales<\/strong>, con horarios establecidos para domingo y lunes.<\/p>\n\n\n\n<p>Falleci\u00f3 <strong>Mar\u00eda Susana Bianchi<\/strong>, a los <strong>90 a\u00f1os<\/strong>. Sus restos son velados en la <strong>Sala N.\u00ba 3 de Coopser Servicios Sociales<\/strong>, ubicada en <strong>3 de Febrero 1475<\/strong>.<\/p>\n\n\n\n<p>El <strong>servicio velatorio<\/strong> se realiza el <strong>domingo 21 de diciembre<\/strong>, de <strong>20:00 a 23:00 horas<\/strong>, y continuar\u00e1 el <strong>lunes 22 de diciembre<\/strong>, de <strong>07:00 a 09:00 horas<\/strong>.<\/p>\n\n\n\n<p>Familiares y seres queridos acompa\u00f1an este momento de profundo dolor, despidiendo a quien fuera en vida <strong>Mar\u00eda Susana Bianchi<\/strong>.<\/p>\n\n\n\n<p>#Obituario #Fallecimiento #Mar\u00edaSusanaBianchi #Coopser #ServiciosSociales<\/p>\n","protected":false},"excerpt":{"rendered":"<p>Falleci\u00f3 Mar\u00eda Susana Bianchi, a los 90 a\u00f1os. Sus restos son velados en Coopser Servicios Sociales, con horarios establecidos para domingo y lunes. Falleci\u00f3 Mar\u00eda Susana Bianchi, a los 90 a\u00f1os. Sus restos son velados en la Sala N.\u00ba 3 de Coopser Servicios Sociales, ubicada en 3 de Febrero 1475. El servicio velatorio se realiza [&hellip;]<\/p>\n","protected":false},"author":4,"featured_media":113757,"comment_status":"closed","ping_status":"closed","sticky":false,"template":"","format":"standard","meta":{"om_disable_all_campaigns":false,"_jetpack_memberships_contains_paid_content":false,"footnotes":""},"categories":[8424],"tags":[6087,7961,7962,5890,5321],"class_list":["post-146092","post","type-post","status-publish","format-standard","has-post-thumbnail","hentry","category-necrologicas","tag-fallecimiento-san-pedro","tag-fallecio-maria-susana-bianchi","tag-obituario-maria-susana-bianchi","tag-servicios-sociales-coopser","tag-velatorio-coopser"],"aioseo_notices":[],"gutentor_comment":0,"jetpack_featured_media_url":"https:\/\/eldiariodesanpedro.com.ar\/sitio\/wp-content\/uploads\/2023\/01\/necrologicas.jpg","jetpack_shortlink":"https:\/\/wp.me\/p6RhLt-C0k","jetpack_sharing_enabled":true,"_links":{"self":[{"href":"https:\/\/eldiariodesanpedro.com.ar\/sitio\/wp-json\/wp\/v2\/posts\/146092","targetHints":{"allow":["GET"]}}],"collection":[{"href":"https:\/\/eldiariodesanpedro.com.ar\/sitio\/wp-json\/wp\/v2\/posts"}],"about":[{"href":"https:\/\/eldiariodesanpedro.com.ar\/sitio\/wp-json\/wp\/v2\/types\/post"}],"author":[{"embeddable":true,"href":"https:\/\/eldiariodesanpedro.com.ar\/sitio\/wp-json\/wp\/v2\/users\/4"}],"replies":[{"embeddable":true,"href":"https:\/\/eldiariodesanpedro.com.ar\/sitio\/wp-json\/wp\/v2\/comments?post=146092"}],"version-history":[{"count":1,"href":"https:\/\/eldiariodesanpedro.com.ar\/sitio\/wp-json\/wp\/v2\/posts\/146092\/revisions"}],"predecessor-version":[{"id":146093,"href":"https:\/\/eldiariodesanpedro.com.ar\/sitio\/wp-json\/wp\/v2\/posts\/146092\/revisions\/146093"}],"wp:featuredmedia":[{"embeddable":true,"href":"https:\/\/eldiariodesanpedro.com.ar\/sitio\/wp-json\/wp\/v2\/media\/113757"}],"wp:attachment":[{"href":"https:\/\/eldiariodesanpedro.com.ar\/sitio\/wp-json\/wp\/v2\/media?parent=146092"}],"wp:term":[{"taxonomy":"category","embeddable":true,"href":"https:\/\/eldiariodesanpedro.com.ar\/sitio\/wp-json\/wp\/v2\/categories?post=146092"},{"taxonomy":"post_tag","embeddable":true,"href":"https:\/\/eldiariodesanpedro.com.ar\/sitio\/wp-json\/wp\/v2\/tags?post=146092"}],"curies":[{"name":"wp","href":"https:\/\/api.w.org\/{rel}","templated":true}]}}