{"id":14606,"date":"2017-02-13T21:02:18","date_gmt":"2017-02-14T00:02:18","guid":{"rendered":"https:\/\/eldiariodesanpedro.com.ar\/sitio\/?p=14606"},"modified":"2026-01-23T23:20:22","modified_gmt":"2026-01-24T02:20:22","slug":"actividad-legislativa-inauguran-sitio-web-dirigido-a-estudiantes","status":"publish","type":"post","link":"https:\/\/eldiariodesanpedro.com.ar\/sitio\/actividad-legislativa-inauguran-sitio-web-dirigido-a-estudiantes\/","title":{"rendered":"Actividad Legislativa:  Inauguran sitio web dirigido a estudiantes"},"content":{"rendered":"<p><!-- VideographyWP Plugin Message: Automatic video embedding prevented by plugin options. --><br \/>\nEl Congreso de la Naci\u00f3n puso en l\u00ednea El Congreso de los chicos (<a href=\"http:\/\/chicos.congreso.gob.ar\" target=\"_blank\">chicos.congreso.gob.ar<\/a>), un nuevo sitio web con contenidos pensados para las escuelas y estudiantes de nuestro pa\u00eds.<\/p>\n<p>Este desarrollo, producto de un trabajo conjunto de la C\u00e1mara de Diputados y el Senado de la Naci\u00f3n, busca acercar la actividad legislativa a los m\u00e1s j\u00f3venes y generar v\u00ednculos entre las comunidades legislativa y educativa.<\/p>\n<p>El sitio presenta una secci\u00f3n de material did\u00e1ctico con contenidos descargables para usar en el aula y complementar la informaci\u00f3n provista durante las visitas escolares que se realizan en el Palacio Legislativo. Entre las actividades que se proponen, el sitio lanza un Concurso de cuentos en el que se convoca a estudiantes de niveles primario y secundario a escribir relatos que tengan al Congreso de la Naci\u00f3n como escenario.<\/p>\n<p>Desde hoy El Congreso de los chicos nuclear\u00e1 tambi\u00e9n curiosidades, juegos y actividades dirigidas a estudiantes, realizadas en el marco del accionar de ambas C\u00e1maras. Pr\u00f3ximamente, sumar\u00e1 nuevos contenidos y secciones, que focalizar\u00e1n con un lenguaje accesible, en las diferentes leyes que se sancionen durante el ejercicio parlamentario.<\/p>\n<p><em>Ernesto Martinchuk<\/em><br \/>\nPeriodista Parlamentario<\/p>\n","protected":false},"excerpt":{"rendered":"<p>El Congreso de la Naci\u00f3n puso en l\u00ednea El Congreso de los chicos (chicos.congreso.gob.ar), un nuevo sitio web con contenidos pensados para las escuelas y estudiantes de nuestro pa\u00eds. Este desarrollo, producto de un trabajo conjunto de la C\u00e1mara de Diputados y el Senado de la Naci\u00f3n, busca acercar la actividad legislativa a los m\u00e1s [&hellip;]<\/p>\n","protected":false},"author":4,"featured_media":14608,"comment_status":"open","ping_status":"closed","sticky":false,"template":"","format":"standard","meta":{"om_disable_all_campaigns":false,"_jetpack_memberships_contains_paid_content":false,"footnotes":""},"categories":[3],"tags":[],"class_list":["post-14606","post","type-post","status-publish","format-standard","has-post-thumbnail","hentry","category-nacionales"],"aioseo_notices":[],"gutentor_comment":0,"jetpack_featured_media_url":"https:\/\/eldiariodesanpedro.com.ar\/sitio\/wp-content\/uploads\/2017\/02\/web-estudiante.jpg","jetpack_shortlink":"https:\/\/wp.me\/p6RhLt-3NA","jetpack_sharing_enabled":true,"_links":{"self":[{"href":"https:\/\/eldiariodesanpedro.com.ar\/sitio\/wp-json\/wp\/v2\/posts\/14606","targetHints":{"allow":["GET"]}}],"collection":[{"href":"https:\/\/eldiariodesanpedro.com.ar\/sitio\/wp-json\/wp\/v2\/posts"}],"about":[{"href":"https:\/\/eldiariodesanpedro.com.ar\/sitio\/wp-json\/wp\/v2\/types\/post"}],"author":[{"embeddable":true,"href":"https:\/\/eldiariodesanpedro.com.ar\/sitio\/wp-json\/wp\/v2\/users\/4"}],"replies":[{"embeddable":true,"href":"https:\/\/eldiariodesanpedro.com.ar\/sitio\/wp-json\/wp\/v2\/comments?post=14606"}],"version-history":[{"count":3,"href":"https:\/\/eldiariodesanpedro.com.ar\/sitio\/wp-json\/wp\/v2\/posts\/14606\/revisions"}],"predecessor-version":[{"id":14610,"href":"https:\/\/eldiariodesanpedro.com.ar\/sitio\/wp-json\/wp\/v2\/posts\/14606\/revisions\/14610"}],"wp:featuredmedia":[{"embeddable":true,"href":"https:\/\/eldiariodesanpedro.com.ar\/sitio\/wp-json\/wp\/v2\/media\/14608"}],"wp:attachment":[{"href":"https:\/\/eldiariodesanpedro.com.ar\/sitio\/wp-json\/wp\/v2\/media?parent=14606"}],"wp:term":[{"taxonomy":"category","embeddable":true,"href":"https:\/\/eldiariodesanpedro.com.ar\/sitio\/wp-json\/wp\/v2\/categories?post=14606"},{"taxonomy":"post_tag","embeddable":true,"href":"https:\/\/eldiariodesanpedro.com.ar\/sitio\/wp-json\/wp\/v2\/tags?post=14606"}],"curies":[{"name":"wp","href":"https:\/\/api.w.org\/{rel}","templated":true}]}}