{"id":146031,"date":"2025-12-19T17:27:36","date_gmt":"2025-12-19T20:27:36","guid":{"rendered":"https:\/\/eldiariodesanpedro.com.ar\/sitio\/?p=146031"},"modified":"2025-12-19T17:27:41","modified_gmt":"2025-12-19T20:27:41","slug":"la-oficina-de-atencion-a-las-violencias-registro-mas-de-1-800-denuncias-y-reforzo-la-asistencia-integral-durante-el-ultimo-ano","status":"publish","type":"post","link":"https:\/\/eldiariodesanpedro.com.ar\/sitio\/la-oficina-de-atencion-a-las-violencias-registro-mas-de-1-800-denuncias-y-reforzo-la-asistencia-integral-durante-el-ultimo-ano\/","title":{"rendered":"La Oficina de Atenci\u00f3n a las Violencias registr\u00f3 m\u00e1s de 1.800 denuncias y reforz\u00f3 la asistencia integral durante el \u00faltimo a\u00f1o"},"content":{"rendered":"<!-- VideographyWP Plugin Message: Automatic video embedding prevented by plugin options. -->\n\n<p>La OAV (Oficina de Atenci\u00f3n a las Violencias) present\u00f3 su informe anual con un alto volumen de denuncias, asistencia a v\u00edctimas, guardias de urgencia y un fortalecimiento del \u00c1rea de Masculinidades.<\/p>\n\n\n\n<p>La <strong>Oficina de Atenci\u00f3n a las Violencias (OAV)<\/strong> dio a conocer su <strong>informe anual<\/strong>, en el que detalla un <strong>importante volumen de intervenciones, denuncias y acciones de acompa\u00f1amiento<\/strong> realizadas a lo largo del \u00faltimo per\u00edodo, consolidando su rol dentro de las pol\u00edticas p\u00fablicas de g\u00e9nero.<\/p>\n\n\n\n<p>Seg\u00fan los datos oficiales, <strong>en lo que va del a\u00f1o se tomaron 1.847 denuncias<\/strong>, lo que representa un <strong>promedio superior a 154 denuncias mensuales<\/strong>, con picos que alcanzaron las <strong>170 denuncias en determinados meses<\/strong>. Estas cifras reflejan una <strong>alta demanda sostenida<\/strong> del servicio por parte de la comunidad.<\/p>\n\n\n\n<p>En ese mismo lapso, la OAV <strong>recibi\u00f3 1.620 oficios judiciales<\/strong>, a los cuales se dio respuesta detallando <strong>intervenciones profesionales, estrategias de abordaje, asistencias, articulaciones institucionales y seguimientos de las v\u00edctimas<\/strong>, garantizando un acompa\u00f1amiento integral en cada situaci\u00f3n.<\/p>\n\n\n\n<p>Adem\u00e1s, se contabilizaron <strong>750 presentaciones espont\u00e1neas o admisiones<\/strong>, que en la mayor\u00eda de los casos, tras el asesoramiento correspondiente, <strong>derivaron en denuncias formales<\/strong>. Paralelamente, las profesionales de la oficina <strong>brindaron acompa\u00f1amiento psicol\u00f3gico a 230 mujeres<\/strong> que atravesaron situaciones de violencia familiar o por razones de g\u00e9nero. En los <strong>casos complejos con compromiso de salud mental<\/strong>, se realiz\u00f3 la <strong>articulaci\u00f3n con \u00e1reas especializadas<\/strong> para garantizar tratamiento psicol\u00f3gico y psiqui\u00e1trico.<\/p>\n\n\n\n<p>Otro eje central del trabajo fue el <strong>servicio de guardia de la OAV<\/strong>, que funciona en la <strong>Comisar\u00eda de la Mujer y la Familia<\/strong>, brindando <strong>asistencia y contenci\u00f3n en situaciones de urgencia y riesgo<\/strong> antes o despu\u00e9s de la denuncia. Durante el a\u00f1o 2025, este servicio fue convocado <strong>560 veces<\/strong>, y en algunos casos las profesionales <strong>se trasladaron al Hospital Subzonal<\/strong> para asistir a mujeres que se encontraban internadas como consecuencia de la violencia sufrida.<\/p>\n\n\n\n<p>En situaciones excepcionales, la guardia puede disponer el <strong>alojamiento transitorio de mujeres y sus hijos<\/strong> para resguardar su integridad, especialmente cuando no cuentan con un lugar seguro donde permanecer. <strong>Durante 2025 se alojaron 11 personas<\/strong> bajo este dispositivo de protecci\u00f3n.<\/p>\n\n\n\n<p>En cuanto al trabajo terap\u00e9utico y grupal, el informe se\u00f1ala que <strong>61 mujeres fueron derivadas al dispositivo GAM y al espacio de terapia psicol\u00f3gica<\/strong>, <strong>43 asistieron a entrevistas de admisi\u00f3n o seguimientos individuales<\/strong> y <strong>18 mujeres sostuvieron la participaci\u00f3n en el espacio grupal<\/strong>, que desarroll\u00f3 <strong>39 encuentros durante el a\u00f1o<\/strong>, con reuniones semanales.<\/p>\n\n\n\n<p>El informe comparativo entre 2024 y 2025 muestra un <strong>incremento en derivaciones y participaci\u00f3n<\/strong>, confirmando el fortalecimiento de los dispositivos de acompa\u00f1amiento.<\/p>\n\n\n\n<p>Finalmente, se destac\u00f3 el crecimiento del <strong>\u00c1rea de Masculinidades<\/strong>, creada en 2021, que se consolid\u00f3 como un <strong>espacio especializado para el abordaje de varones que ejercen violencias por razones de g\u00e9nero<\/strong>. El <strong>aumento sostenido de derivaciones<\/strong> evidencia su <strong>integraci\u00f3n efectiva en los circuitos judiciales y comunitarios<\/strong>, as\u00ed como su rol clave en los procesos de <strong>reflexi\u00f3n, responsabilizaci\u00f3n y transformaci\u00f3n<\/strong>, dentro de una estrategia integral de prevenci\u00f3n e intervenci\u00f3n.<\/p>\n\n\n\n<p>#Violencias #G\u00e9nero #OAV #Pol\u00edticasDeG\u00e9nero #ViolenciaFamiliar #AsistenciaIntegral #Derechos #Prevenci\u00f3n<\/p>\n\n\n\n<p><\/p>\n","protected":false},"excerpt":{"rendered":"<p>La OAV (Oficina de Atenci\u00f3n a las Violencias) present\u00f3 su informe anual con un alto volumen de denuncias, asistencia a v\u00edctimas, guardias de urgencia y un fortalecimiento del \u00c1rea de Masculinidades. La Oficina de Atenci\u00f3n a las Violencias (OAV) dio a conocer su informe anual, en el que detalla un importante volumen de intervenciones, denuncias [&hellip;]<\/p>\n","protected":false},"author":4,"featured_media":146032,"comment_status":"closed","ping_status":"closed","sticky":false,"template":"","format":"standard","meta":{"om_disable_all_campaigns":false,"_jetpack_memberships_contains_paid_content":false,"footnotes":""},"categories":[101,2],"tags":[7957,7958,7959,6831,1397,7955,7956,3879,2396],"class_list":["post-146031","post","type-post","status-publish","format-standard","has-post-thumbnail","hentry","category-interes-general-locales","category-locales","tag-acompanamiento-psicologico","tag-area-de-masculinidades","tag-asistencia-a-victima","tag-comisaria-de-la-mujer-2","tag-denuncias","tag-oav","tag-oficina-de-atencion-a-las-violencias","tag-politicas-de-genero","tag-violencia-de-genero-2"],"aioseo_notices":[],"gutentor_comment":0,"jetpack_featured_media_url":"https:\/\/eldiariodesanpedro.com.ar\/sitio\/wp-content\/uploads\/2025\/12\/medida-1-28.jpg","jetpack_shortlink":"https:\/\/wp.me\/p6RhLt-BZl","jetpack_sharing_enabled":true,"_links":{"self":[{"href":"https:\/\/eldiariodesanpedro.com.ar\/sitio\/wp-json\/wp\/v2\/posts\/146031","targetHints":{"allow":["GET"]}}],"collection":[{"href":"https:\/\/eldiariodesanpedro.com.ar\/sitio\/wp-json\/wp\/v2\/posts"}],"about":[{"href":"https:\/\/eldiariodesanpedro.com.ar\/sitio\/wp-json\/wp\/v2\/types\/post"}],"author":[{"embeddable":true,"href":"https:\/\/eldiariodesanpedro.com.ar\/sitio\/wp-json\/wp\/v2\/users\/4"}],"replies":[{"embeddable":true,"href":"https:\/\/eldiariodesanpedro.com.ar\/sitio\/wp-json\/wp\/v2\/comments?post=146031"}],"version-history":[{"count":1,"href":"https:\/\/eldiariodesanpedro.com.ar\/sitio\/wp-json\/wp\/v2\/posts\/146031\/revisions"}],"predecessor-version":[{"id":146033,"href":"https:\/\/eldiariodesanpedro.com.ar\/sitio\/wp-json\/wp\/v2\/posts\/146031\/revisions\/146033"}],"wp:featuredmedia":[{"embeddable":true,"href":"https:\/\/eldiariodesanpedro.com.ar\/sitio\/wp-json\/wp\/v2\/media\/146032"}],"wp:attachment":[{"href":"https:\/\/eldiariodesanpedro.com.ar\/sitio\/wp-json\/wp\/v2\/media?parent=146031"}],"wp:term":[{"taxonomy":"category","embeddable":true,"href":"https:\/\/eldiariodesanpedro.com.ar\/sitio\/wp-json\/wp\/v2\/categories?post=146031"},{"taxonomy":"post_tag","embeddable":true,"href":"https:\/\/eldiariodesanpedro.com.ar\/sitio\/wp-json\/wp\/v2\/tags?post=146031"}],"curies":[{"name":"wp","href":"https:\/\/api.w.org\/{rel}","templated":true}]}}