{"id":146027,"date":"2025-12-19T17:04:17","date_gmt":"2025-12-19T20:04:17","guid":{"rendered":"https:\/\/eldiariodesanpedro.com.ar\/sitio\/?p=146027"},"modified":"2025-12-19T17:04:23","modified_gmt":"2025-12-19T20:04:23","slug":"papa-noel-llega-al-paseo-publico-este-domingo","status":"publish","type":"post","link":"https:\/\/eldiariodesanpedro.com.ar\/sitio\/papa-noel-llega-al-paseo-publico-este-domingo\/","title":{"rendered":"Pap\u00e1 Noel llega al Paseo P\u00fablico este domingo"},"content":{"rendered":"<!-- VideographyWP Plugin Message: Automatic video embedding prevented by plugin options. -->\n\n<p>En el marco de la Feria Municipal de Emprendedores, Pap\u00e1 Noel estar\u00e1 en el Paseo P\u00fablico el 21 de diciembre para recibir las cartitas y compartir una tarde en familia.<\/p>\n\n\n\n<p>En el marco de la <strong>Feria Municipal de Emprendedores<\/strong>, este <strong>s\u00e1bado 21 de diciembre<\/strong> el <strong>Paseo P\u00fablico<\/strong> se llenar\u00e1 de esp\u00edritu navide\u00f1o con la llegada de <strong>Pap\u00e1 Noel<\/strong>, quien estar\u00e1 recibiendo las <strong>cartitas de los m\u00e1s chicos<\/strong> y compartiendo un momento especial junto a las familias.<\/p>\n\n\n\n<p>La propuesta invita a vecinos y vecinas a disfrutar de una <strong>tarde al aire libre<\/strong>, con <strong>feria, paseo y encuentro<\/strong>, en un ambiente pensado para celebrar la <strong>Navidad<\/strong> y fortalecer los espacios de convivencia comunitaria.<\/p>\n\n\n\n<p>Desde la organizaci\u00f3n destacaron que la actividad est\u00e1 pensada para que grandes y chicos puedan vivir una experiencia distinta, combinando el <strong>apoyo a los emprendedores locales<\/strong> con la magia de estas fechas tan esperadas.<\/p>\n\n\n\n<p>#Navidad #Pap\u00e1Noel #FeriaDeEmprendedores #PaseoP\u00fablico #Familia #ActividadesGratuitas #Comunidad<\/p>\n\n\n<div class=\"wp-block-image\">\n<figure class=\"aligncenter size-full\"><img decoding=\"async\" width=\"504\" height=\"630\" data-attachment-id=\"146028\" data-permalink=\"https:\/\/eldiariodesanpedro.com.ar\/sitio\/papa-noel-llega-al-paseo-publico-este-domingo\/whatsapp-image-2025-12-18-at-10-10-32\/\" data-orig-file=\"https:\/\/eldiariodesanpedro.com.ar\/sitio\/wp-content\/uploads\/2025\/12\/WhatsApp-Image-2025-12-18-at-10.10.32.jpeg\" data-orig-size=\"504,630\" data-comments-opened=\"0\" data-image-meta=\"{&quot;aperture&quot;:&quot;0&quot;,&quot;credit&quot;:&quot;&quot;,&quot;camera&quot;:&quot;&quot;,&quot;caption&quot;:&quot;&quot;,&quot;created_timestamp&quot;:&quot;0&quot;,&quot;copyright&quot;:&quot;&quot;,&quot;focal_length&quot;:&quot;0&quot;,&quot;iso&quot;:&quot;0&quot;,&quot;shutter_speed&quot;:&quot;0&quot;,&quot;title&quot;:&quot;&quot;,&quot;orientation&quot;:&quot;0&quot;}\" data-image-title=\"WhatsApp Image 2025-12-18 at 10.10.32\" data-image-description=\"\" data-image-caption=\"\" data-large-file=\"https:\/\/eldiariodesanpedro.com.ar\/sitio\/wp-content\/uploads\/2025\/12\/WhatsApp-Image-2025-12-18-at-10.10.32.jpeg\" data-src=\"https:\/\/eldiariodesanpedro.com.ar\/sitio\/wp-content\/uploads\/2025\/12\/WhatsApp-Image-2025-12-18-at-10.10.32.jpeg\" alt=\"\" class=\"wp-image-146028 lazyload\" data-srcset=\"https:\/\/eldiariodesanpedro.com.ar\/sitio\/wp-content\/uploads\/2025\/12\/WhatsApp-Image-2025-12-18-at-10.10.32.jpeg 504w, https:\/\/eldiariodesanpedro.com.ar\/sitio\/wp-content\/uploads\/2025\/12\/WhatsApp-Image-2025-12-18-at-10.10.32-240x300.jpeg 240w\" data-sizes=\"(max-width: 504px) 100vw, 504px\" src=\"data:image\/svg+xml;base64,PHN2ZyB3aWR0aD0iMSIgaGVpZ2h0PSIxIiB4bWxucz0iaHR0cDovL3d3dy53My5vcmcvMjAwMC9zdmciPjwvc3ZnPg==\" style=\"--smush-placeholder-width: 504px; --smush-placeholder-aspect-ratio: 504\/630;\" \/><\/figure>\n<\/div>","protected":false},"excerpt":{"rendered":"<p>En el marco de la Feria Municipal de Emprendedores, Pap\u00e1 Noel estar\u00e1 en el Paseo P\u00fablico el 21 de diciembre para recibir las cartitas y compartir una tarde en familia. En el marco de la Feria Municipal de Emprendedores, este s\u00e1bado 21 de diciembre el Paseo P\u00fablico se llenar\u00e1 de esp\u00edritu navide\u00f1o con la llegada [&hellip;]<\/p>\n","protected":false},"author":4,"featured_media":113434,"comment_status":"closed","ping_status":"closed","sticky":false,"template":"","format":"standard","meta":{"om_disable_all_campaigns":false,"_jetpack_memberships_contains_paid_content":false,"footnotes":""},"categories":[50,101,2],"tags":[7952,7953,6651,7951,7950,6640],"class_list":["post-146027","post","type-post","status-publish","format-standard","has-post-thumbnail","hentry","category-destacadas","category-interes-general-locales","category-locales","tag-actividades-familiares","tag-emprendedores-locales","tag-feria-municipal-de-emprendedores","tag-navidad","tag-papa-noel","tag-paseo-publico-2"],"aioseo_notices":[],"gutentor_comment":0,"jetpack_featured_media_url":"https:\/\/eldiariodesanpedro.com.ar\/sitio\/wp-content\/uploads\/2022\/12\/WhatsApp-Image-2022-12-24-at-11.15.39.jpeg","jetpack_shortlink":"https:\/\/wp.me\/p6RhLt-BZh","jetpack_sharing_enabled":true,"_links":{"self":[{"href":"https:\/\/eldiariodesanpedro.com.ar\/sitio\/wp-json\/wp\/v2\/posts\/146027","targetHints":{"allow":["GET"]}}],"collection":[{"href":"https:\/\/eldiariodesanpedro.com.ar\/sitio\/wp-json\/wp\/v2\/posts"}],"about":[{"href":"https:\/\/eldiariodesanpedro.com.ar\/sitio\/wp-json\/wp\/v2\/types\/post"}],"author":[{"embeddable":true,"href":"https:\/\/eldiariodesanpedro.com.ar\/sitio\/wp-json\/wp\/v2\/users\/4"}],"replies":[{"embeddable":true,"href":"https:\/\/eldiariodesanpedro.com.ar\/sitio\/wp-json\/wp\/v2\/comments?post=146027"}],"version-history":[{"count":2,"href":"https:\/\/eldiariodesanpedro.com.ar\/sitio\/wp-json\/wp\/v2\/posts\/146027\/revisions"}],"predecessor-version":[{"id":146030,"href":"https:\/\/eldiariodesanpedro.com.ar\/sitio\/wp-json\/wp\/v2\/posts\/146027\/revisions\/146030"}],"wp:featuredmedia":[{"embeddable":true,"href":"https:\/\/eldiariodesanpedro.com.ar\/sitio\/wp-json\/wp\/v2\/media\/113434"}],"wp:attachment":[{"href":"https:\/\/eldiariodesanpedro.com.ar\/sitio\/wp-json\/wp\/v2\/media?parent=146027"}],"wp:term":[{"taxonomy":"category","embeddable":true,"href":"https:\/\/eldiariodesanpedro.com.ar\/sitio\/wp-json\/wp\/v2\/categories?post=146027"},{"taxonomy":"post_tag","embeddable":true,"href":"https:\/\/eldiariodesanpedro.com.ar\/sitio\/wp-json\/wp\/v2\/tags?post=146027"}],"curies":[{"name":"wp","href":"https:\/\/api.w.org\/{rel}","templated":true}]}}