{"id":146025,"date":"2025-12-19T16:48:40","date_gmt":"2025-12-19T19:48:40","guid":{"rendered":"https:\/\/eldiariodesanpedro.com.ar\/sitio\/?p=146025"},"modified":"2025-12-19T16:48:44","modified_gmt":"2025-12-19T19:48:44","slug":"con-modificaciones-el-concejo-aprobo-el-aumento-de-tasas-para-2026","status":"publish","type":"post","link":"https:\/\/eldiariodesanpedro.com.ar\/sitio\/con-modificaciones-el-concejo-aprobo-el-aumento-de-tasas-para-2026\/","title":{"rendered":"Con modificaciones, el Concejo aprob\u00f3 el aumento de tasas para 2026"},"content":{"rendered":"<!-- VideographyWP Plugin Message: Automatic video embedding prevented by plugin options. -->\n\n<p><strong>El Concejo Deliberante aprob\u00f3 las ordenanzas fiscal e impositiva y con ellas el aumento de tasas 2026; hubo un cuarto intermedio para ajustar algunos porcentajes tributarios antes de la votaci\u00f3n.<\/strong><\/p>\n\n\n\n<p>El <strong>Concejo Deliberante de San Pedro<\/strong> aprob\u00f3 este viernes las ordenanzas fiscal e impositiva, que incluyen el esquema de aumento de tasas para el a\u00f1o 2026, las cuales <strong>deben convalidarse antes del 31 de diciembre en la asamblea de Mayores Contribuyentes<\/strong>.<\/p>\n\n\n\n<p>La sesi\u00f3n, que comenz\u00f3 a las 9.00 y se extendi\u00f3 m\u00e1s de cuatro horas, debi\u00f3 interrumpirse para permitir un largo cuarto intermedio solicitado por el interbloque denominado \u201cAcuerdo Vecinal San Pedro\u201d con el objetivo de introducir <strong>modificaciones en algunas tasas sensibles<\/strong> del proyecto original.<\/p>\n\n\n\n<p>Finalmente, el oficialismo logr\u00f3 un acuerdo con los bloques de <strong>Rivas, De Rosa, Negrete y Lafalce<\/strong>, y en la <strong>Secretar\u00eda de Econom\u00eda<\/strong> se ajustaron los valores para que los ediles regresaran al recinto y votaran.<\/p>\n\n\n\n<p>Entre los principales cambios acordados est\u00e1n las reducciones en varios tributos clave: <strong>ABL se redujo del 100 % al 80 %<\/strong>, <strong>Servicios Sanitarios pas\u00f3 al 60 %<\/strong>, <strong>Red Vial qued\u00f3 en 80 %<\/strong> y <strong>derechos de Cementerio se ajustaron del 140 % al 100 %<\/strong>. El resto de las tasas y derechos se mantiene con aumentos que <strong>van del 30 % al 50 % seg\u00fan el tributo<\/strong>.<\/p>\n\n\n\n<p>Seg\u00fan el proyecto aprobado, todos los tributos <strong>podr\u00e1n actualizarse bimestralmente<\/strong> con un <strong>m\u00ednimo del 20 % y un m\u00e1ximo equivalente al porcentaje que resulte de aplicar el \u00cdndice de Precios al Consumidor (IPC) publicado por el Indec<\/strong>.<\/p>\n\n\n\n<p>Los bloques <strong>Nuevos Aires<\/strong>, <strong>San Pedro Puede<\/strong> y <strong>Alianza La Libertad Avanza<\/strong> votaron en contra tanto de la ordenanza fiscal como de la impositiva y expusieron diversos cuestionamientos en la sesi\u00f3n. Entre las cr\u00edticas manifestaron que los aumentos propuestos, aun con las rebajas introducidas, siguen siendo <strong>desmesurados en relaci\u00f3n con la inflaci\u00f3n anual y el crecimiento de los salarios<\/strong> y que el mecanismo de actualizaci\u00f3n bimestral podr\u00eda representar una carga adicional para los contribuyentes.<\/p>\n\n\n\n<p>#tasa2026 #aumentodetasas #ConcejoDeliberante #SanPedro #ordenanzafiscal<\/p>\n","protected":false},"excerpt":{"rendered":"<p>El Concejo Deliberante aprob\u00f3 las ordenanzas fiscal e impositiva y con ellas el aumento de tasas 2026; hubo un cuarto intermedio para ajustar algunos porcentajes tributarios antes de la votaci\u00f3n. El Concejo Deliberante de San Pedro aprob\u00f3 este viernes las ordenanzas fiscal e impositiva, que incluyen el esquema de aumento de tasas para el a\u00f1o [&hellip;]<\/p>\n","protected":false},"author":4,"featured_media":70648,"comment_status":"closed","ping_status":"closed","sticky":false,"template":"","format":"standard","meta":{"om_disable_all_campaigns":false,"_jetpack_memberships_contains_paid_content":false,"footnotes":""},"categories":[50,101,2],"tags":[7949,7946,7945,7947,7948],"class_list":["post-146025","post","type-post","status-publish","format-standard","has-post-thumbnail","hentry","category-destacadas","category-interes-general-locales","category-locales","tag-actualizacion-por-ipc","tag-aumento-de-tasas-municipal","tag-debate-legislativo","tag-ordenanza-impositiva-2026","tag-tributos-municipales"],"aioseo_notices":[],"gutentor_comment":0,"jetpack_featured_media_url":"https:\/\/eldiariodesanpedro.com.ar\/sitio\/wp-content\/uploads\/2020\/03\/Municipalidad.jpg","jetpack_shortlink":"https:\/\/wp.me\/p6RhLt-BZf","jetpack_sharing_enabled":true,"_links":{"self":[{"href":"https:\/\/eldiariodesanpedro.com.ar\/sitio\/wp-json\/wp\/v2\/posts\/146025","targetHints":{"allow":["GET"]}}],"collection":[{"href":"https:\/\/eldiariodesanpedro.com.ar\/sitio\/wp-json\/wp\/v2\/posts"}],"about":[{"href":"https:\/\/eldiariodesanpedro.com.ar\/sitio\/wp-json\/wp\/v2\/types\/post"}],"author":[{"embeddable":true,"href":"https:\/\/eldiariodesanpedro.com.ar\/sitio\/wp-json\/wp\/v2\/users\/4"}],"replies":[{"embeddable":true,"href":"https:\/\/eldiariodesanpedro.com.ar\/sitio\/wp-json\/wp\/v2\/comments?post=146025"}],"version-history":[{"count":1,"href":"https:\/\/eldiariodesanpedro.com.ar\/sitio\/wp-json\/wp\/v2\/posts\/146025\/revisions"}],"predecessor-version":[{"id":146026,"href":"https:\/\/eldiariodesanpedro.com.ar\/sitio\/wp-json\/wp\/v2\/posts\/146025\/revisions\/146026"}],"wp:featuredmedia":[{"embeddable":true,"href":"https:\/\/eldiariodesanpedro.com.ar\/sitio\/wp-json\/wp\/v2\/media\/70648"}],"wp:attachment":[{"href":"https:\/\/eldiariodesanpedro.com.ar\/sitio\/wp-json\/wp\/v2\/media?parent=146025"}],"wp:term":[{"taxonomy":"category","embeddable":true,"href":"https:\/\/eldiariodesanpedro.com.ar\/sitio\/wp-json\/wp\/v2\/categories?post=146025"},{"taxonomy":"post_tag","embeddable":true,"href":"https:\/\/eldiariodesanpedro.com.ar\/sitio\/wp-json\/wp\/v2\/tags?post=146025"}],"curies":[{"name":"wp","href":"https:\/\/api.w.org\/{rel}","templated":true}]}}