{"id":14602,"date":"2017-02-13T20:49:28","date_gmt":"2017-02-13T23:49:28","guid":{"rendered":"https:\/\/eldiariodesanpedro.com.ar\/sitio\/?p=14602"},"modified":"2017-02-13T20:49:28","modified_gmt":"2017-02-13T23:49:28","slug":"por-las-inclemencias-climaticas-relevamiento-suspendido","status":"publish","type":"post","link":"https:\/\/eldiariodesanpedro.com.ar\/sitio\/por-las-inclemencias-climaticas-relevamiento-suspendido\/","title":{"rendered":"POR LAS INCLEMENCIAS CLIM\u00c1TICAS: Relevamiento suspendido"},"content":{"rendered":"<p><!-- VideographyWP Plugin Message: Automatic video embedding prevented by plugin options. --><br \/>\nLas tareas que iba a desarrollar la Direcci\u00f3n de Comisiones de Fomento en conjunto con la Oficina de Escrituraci\u00f3n fueron suspendidas por las inclemencias del tiempo. A la brevedad informaremos para cu\u00e1ndo se reprogram\u00f3 el relevamiento que se iba a desarrollar en Barrio 150 viviendas; Barrio 49 viviendas; Barrio San Francisco; Barrio 291 viviendas.`<\/p>\n<p>Es importante tener en cuenta que al momento en el que se cumpla con el relevamiento es necesario que los vecinos cuenten con fotocopias de los D.N.I del grupo familiar, de partidas de nacimiento, certificados de matrimonio, sentencia de divorcio y boleta de servicio domiciliario.<\/p>\n","protected":false},"excerpt":{"rendered":"<p>Las tareas que iba a desarrollar la Direcci\u00f3n de Comisiones de Fomento en conjunto con la Oficina de Escrituraci\u00f3n fueron suspendidas por las inclemencias del tiempo. A la brevedad informaremos para cu\u00e1ndo se reprogram\u00f3 el relevamiento que se iba a desarrollar en Barrio 150 viviendas; Barrio 49 viviendas; Barrio San Francisco; Barrio 291 viviendas.` Es [&hellip;]<\/p>\n","protected":false},"author":4,"featured_media":0,"comment_status":"open","ping_status":"closed","sticky":false,"template":"","format":"standard","meta":{"om_disable_all_campaigns":false,"_jetpack_memberships_contains_paid_content":false,"footnotes":""},"categories":[101,2],"tags":[],"class_list":["post-14602","post","type-post","status-publish","format-standard","hentry","category-interes-general-locales","category-locales"],"aioseo_notices":[],"gutentor_comment":0,"jetpack_featured_media_url":"","jetpack_shortlink":"https:\/\/wp.me\/p6RhLt-3Nw","jetpack_sharing_enabled":true,"_links":{"self":[{"href":"https:\/\/eldiariodesanpedro.com.ar\/sitio\/wp-json\/wp\/v2\/posts\/14602","targetHints":{"allow":["GET"]}}],"collection":[{"href":"https:\/\/eldiariodesanpedro.com.ar\/sitio\/wp-json\/wp\/v2\/posts"}],"about":[{"href":"https:\/\/eldiariodesanpedro.com.ar\/sitio\/wp-json\/wp\/v2\/types\/post"}],"author":[{"embeddable":true,"href":"https:\/\/eldiariodesanpedro.com.ar\/sitio\/wp-json\/wp\/v2\/users\/4"}],"replies":[{"embeddable":true,"href":"https:\/\/eldiariodesanpedro.com.ar\/sitio\/wp-json\/wp\/v2\/comments?post=14602"}],"version-history":[{"count":1,"href":"https:\/\/eldiariodesanpedro.com.ar\/sitio\/wp-json\/wp\/v2\/posts\/14602\/revisions"}],"predecessor-version":[{"id":14603,"href":"https:\/\/eldiariodesanpedro.com.ar\/sitio\/wp-json\/wp\/v2\/posts\/14602\/revisions\/14603"}],"wp:attachment":[{"href":"https:\/\/eldiariodesanpedro.com.ar\/sitio\/wp-json\/wp\/v2\/media?parent=14602"}],"wp:term":[{"taxonomy":"category","embeddable":true,"href":"https:\/\/eldiariodesanpedro.com.ar\/sitio\/wp-json\/wp\/v2\/categories?post=14602"},{"taxonomy":"post_tag","embeddable":true,"href":"https:\/\/eldiariodesanpedro.com.ar\/sitio\/wp-json\/wp\/v2\/tags?post=14602"}],"curies":[{"name":"wp","href":"https:\/\/api.w.org\/{rel}","templated":true}]}}